{"id":14249,"date":"2020-12-04T15:22:58","date_gmt":"2020-12-04T21:22:58","guid":{"rendered":"https:\/\/informativoelvalledeaguascalientes.online\/?p=14249"},"modified":"2020-12-04T15:22:58","modified_gmt":"2020-12-04T21:22:58","slug":"presenta-gobernador-martin-orozco-controversia-constitucional-por-desaparicion-de-fondos-y-fideicomisos","status":"publish","type":"post","link":"https:\/\/informativoelvalledeaguascalientes.online\/?p=14249","title":{"rendered":"PRESENTA GOBERNADOR MART\u00cdN OROZCO CONTROVERSIA CONSTITUCIONAL POR DESAPARICI\u00d3N DE FONDOS Y FIDEICOMISOS\u00a0"},"content":{"rendered":"<p>#informativoelvalledeaguascalientes<\/p>\n<p>#novaradioaguascalientes<\/p>\n<ul>\n<li dir=\"ltr\">\n<p dir=\"ltr\">Gobernadores Aliancistas levantan la voz de miles de mexicanas y mexicanos afectados por la cancelaci\u00f3n de 68 mil mdp<\/p>\n<\/li>\n<li dir=\"ltr\">\n<p dir=\"ltr\">Mart\u00edn Orozco conf\u00eda en que la SCJN resolver\u00e1 favorablemente la controversia protegiendo a los afectados y al futuro desarrollo de M\u00e9xico<\/p>\n<\/li>\n<\/ul>\n<p dir=\"ltr\">En nombre de miles de mexicanas y mexicanos que se ven afectados por la desaparici\u00f3n de los 109 fondos y fideicomisos por parte del Gobierno de M\u00e9xico, el gobernador del estado de Aguascalientes, Mart\u00edn Orozco Sandoval, acudi\u00f3 a la Suprema Corte de Justicia de la Naci\u00f3n en donde present\u00f3 una controversia constitucional en contra de esta decisi\u00f3n que impacta negativamente en el desarrollo del pa\u00eds.<\/p>\n<p dir=\"ltr\">El mandatario se\u00f1al\u00f3 que esta acci\u00f3n legal que han tomado los gobernadores que integran la Alianza Federalista, tiene el objetivo de alzar la voz a nombre de investigadores y acad\u00e9micos, cineastas, deportistas de alto rendimiento, activistas de derechos humanos, personas afectadas por desastres naturales, entre muchos otros mexicanos que ver\u00e1n perjudicado su futuro y su labor diaria.<\/p>\n<p dir=\"ltr\">Orozco Sandoval confi\u00f3 en que la Suprema Corte de Justicia resolver\u00e1 favorablemente esta controversia protegiendo a los afectados directos, pues la resoluci\u00f3n podr\u00e1 evitar que los recursos sean utilizados de forma arbitraria.<\/p>\n<p dir=\"ltr\">Record\u00f3 que con la desaparici\u00f3n de los fondos y fideicomisos, m\u00e1s de 68 mil millones de pesos dejar\u00e1n de invertirse para el beneficio de la sociedad en general, aunado a la p\u00e9rdida de financiamientos internacionales para diferentes sectores procedentes de instituciones extranjeras y que permite el impulso en lo cient\u00edfico, educativo y tecnol\u00f3gico.<\/p>\n<p dir=\"ltr\">Este d\u00eda otros gobernadores aliancistas tambi\u00e9n acudieron de manera individual a la SCJN, en donde a trav\u00e9s de este recurso legal expusieron su postura, as\u00ed como las afectaciones a los diversos sectores de la sociedad de cada entidad.<\/p>\n","protected":false},"excerpt":{"rendered":"<p>#informativoelvalledeaguascalientes #novaradioaguascalientes Gobernadores Aliancistas levantan la voz de miles de mexicanas y mexicanos afectados por la cancelaci\u00f3n de 68 mil mdp Mart\u00edn Orozco conf\u00eda en que la SCJN resolver\u00e1 favorablemente la controversia protegiendo a los afectados y al futuro desarrollo de M\u00e9xico En nombre de miles de mexicanas y mexicanos que se ven afectados por [&hellip;]<\/p>\n","protected":false},"author":1,"featured_media":14250,"comment_status":"closed","ping_status":"open","sticky":false,"template":"","format":"standard","meta":{"advanced_seo_description":"","jetpack_seo_html_title":"","jetpack_seo_noindex":false,"_jetpack_memberships_contains_paid_content":false,"footnotes":"","jetpack_publicize_message":"","jetpack_publicize_feature_enabled":true,"jetpack_social_post_already_shared":true,"jetpack_social_options":{"image_generator_settings":{"template":"highway","default_image_id":0,"font":"","enabled":false},"version":2}},"categories":[21,4],"tags":[22,31],"class_list":["post-14249","post","type-post","status-publish","format-standard","has-post-thumbnail","hentry","category-aguascalientes","category-gobierno-del-estado-aguascalientes","tag-aguascalientes","tag-mos"],"jetpack_publicize_connections":[],"jetpack_featured_media_url":"https:\/\/i0.wp.com\/informativoelvalledeaguascalientes.online\/wp-content\/uploads\/2020\/12\/mos_cdmx_03122020.jpg?fit=1024%2C576&ssl=1","jetpack-related-posts":[],"jetpack_sharing_enabled":true,"jetpack_likes_enabled":true,"_links":{"self":[{"href":"https:\/\/informativoelvalledeaguascalientes.online\/index.php?rest_route=\/wp\/v2\/posts\/14249","targetHints":{"allow":["GET"]}}],"collection":[{"href":"https:\/\/informativoelvalledeaguascalientes.online\/index.php?rest_route=\/wp\/v2\/posts"}],"about":[{"href":"https:\/\/informativoelvalledeaguascalientes.online\/index.php?rest_route=\/wp\/v2\/types\/post"}],"author":[{"embeddable":true,"href":"https:\/\/informativoelvalledeaguascalientes.online\/index.php?rest_route=\/wp\/v2\/users\/1"}],"replies":[{"embeddable":true,"href":"https:\/\/informativoelvalledeaguascalientes.online\/index.php?rest_route=%2Fwp%2Fv2%2Fcomments&post=14249"}],"version-history":[{"count":1,"href":"https:\/\/informativoelvalledeaguascalientes.online\/index.php?rest_route=\/wp\/v2\/posts\/14249\/revisions"}],"predecessor-version":[{"id":14251,"href":"https:\/\/informativoelvalledeaguascalientes.online\/index.php?rest_route=\/wp\/v2\/posts\/14249\/revisions\/14251"}],"wp:featuredmedia":[{"embeddable":true,"href":"https:\/\/informativoelvalledeaguascalientes.online\/index.php?rest_route=\/wp\/v2\/media\/14250"}],"wp:attachment":[{"href":"https:\/\/informativoelvalledeaguascalientes.online\/index.php?rest_route=%2Fwp%2Fv2%2Fmedia&parent=14249"}],"wp:term":[{"taxonomy":"category","embeddable":true,"href":"https:\/\/informativoelvalledeaguascalientes.online\/index.php?rest_route=%2Fwp%2Fv2%2Fcategories&post=14249"},{"taxonomy":"post_tag","embeddable":true,"href":"https:\/\/informativoelvalledeaguascalientes.online\/index.php?rest_route=%2Fwp%2Fv2%2Ftags&post=14249"}],"curies":[{"name":"wp","href":"https:\/\/api.w.org\/{rel}","templated":true}]}}