{"id":14236,"date":"2020-12-03T10:04:59","date_gmt":"2020-12-03T16:04:59","guid":{"rendered":"https:\/\/informativoelvalledeaguascalientes.online\/?p=14236"},"modified":"2020-12-03T10:04:59","modified_gmt":"2020-12-03T16:04:59","slug":"otorgan-a-la-alcaldesa-tere-jimenez-el-galardon-norma-villarreal-bell-de-zambrano","status":"publish","type":"post","link":"https:\/\/informativoelvalledeaguascalientes.online\/?p=14236","title":{"rendered":"OTORGAN A LA ALCALDESA TERE JIM\u00c9NEZ EL GALARD\u00d3N \u201cNORMA VILLARREAL BELL DE ZAMBRANO\u201d"},"content":{"rendered":"<div class=\"opinion-section opinion-single-cover opinion-indent opinion-overlay\">\n<div class=\"container\">\n<div class=\"section-head row justify-content-center text-center\">\n<div class=\"col-12 col-md-8\">\n<div class=\"section-meta\">\n<p>#informativoelvalledeaguascalientes<\/p>\n<p>#novaradioaguascalientes<\/p>\n<\/div>\n<\/div>\n<\/div>\n<\/div>\n<\/div>\n<div class=\"opinion-section\">\n<div class=\"container\">\n<div class=\"section-content row justify-content-center\">\n<div class=\"col-12 col-lg-8 opinion-order-1\">\n<article class=\"opinion-post opinion-single post-23357 post type-post status-publish format-standard has-post-thumbnail hentry category-reconocimientos tag-anac tag-galardon-norma-villarreal-bell-de-zambrano tag-premios-anac-2020 tag-tere-jimenez\">\n<div class=\"entry-content\">\n<ul>\n<li><strong>\u00a0<\/strong><strong>La Asociaci\u00f3n Nacional de Alcaldes (ANAC) entreg\u00f3 este premio en su primera edici\u00f3n a las alcaldesas m\u00e1s destacadas por sus pr\u00e1cticas humanistas y por el incansable trabajo en beneficio de los ciudadanos\u00a0<\/strong><\/li>\n<\/ul>\n<p>La alcaldesa\u00a0<strong>Tere Jim\u00e9nez<\/strong>\u00a0fue reconocida en la primera edici\u00f3n del galard\u00f3n \u201cNorma Villarreal Bell de Zambrano\u201d, que otorga la Asociaci\u00f3n Nacional de Alcaldes (ANAC), a presidentas municipales m\u00e1s destacadas por sus acciones humanistas y por el trabajo en beneficio de los ciudadanos.<\/p>\n<p>Tras la entrega de Premios ANAC 2020 que en esta ocasi\u00f3n se llev\u00f3 a cabo de manera virtual,\u00a0<strong>\u00a0Tere Jim\u00e9nez\u00a0<\/strong>\u00a0se comprometi\u00f3 a seguir consolidando proyectos de obra, mejora de servicios p\u00fablicos y programas sociales que beneficien al bien com\u00fan y al desarrollo de los municipios y el pa\u00eds.<\/p>\n<p>Este galard\u00f3n fue instituido en honor a las buenas acciones en diversos \u00e1mbitos que como alcaldesa de San Pedro Garza Garc\u00eda, Nuevo Le\u00f3n, en 1967, llev\u00f3 a cabo\u00a0<strong>Norma Villarreal Bell de Zambrano<\/strong>, y cuyo ejemplo ha sido una gu\u00eda\u00a0 para\u00a0<strong>Tere Jim\u00e9nez<\/strong>\u00a0en la tarea de sacar adelante a Aguascalientes.<\/p>\n<\/div>\n<\/article>\n<\/div>\n<\/div>\n<\/div>\n<\/div>\n","protected":false},"excerpt":{"rendered":"<p>#informativoelvalledeaguascalientes #novaradioaguascalientes \u00a0La Asociaci\u00f3n Nacional de Alcaldes (ANAC) entreg\u00f3 este premio en su primera edici\u00f3n a las alcaldesas m\u00e1s destacadas por sus pr\u00e1cticas humanistas y por el incansable trabajo en beneficio de los ciudadanos\u00a0 La alcaldesa\u00a0Tere Jim\u00e9nez\u00a0fue reconocida en la primera edici\u00f3n del galard\u00f3n \u201cNorma Villarreal Bell de Zambrano\u201d, que otorga la Asociaci\u00f3n Nacional de [&hellip;]<\/p>\n","protected":false},"author":1,"featured_media":14237,"comment_status":"closed","ping_status":"open","sticky":false,"template":"","format":"standard","meta":{"advanced_seo_description":"","jetpack_seo_html_title":"","jetpack_seo_noindex":false,"_jetpack_memberships_contains_paid_content":false,"footnotes":"","jetpack_publicize_message":"","jetpack_publicize_feature_enabled":true,"jetpack_social_post_already_shared":true,"jetpack_social_options":{"image_generator_settings":{"template":"highway","default_image_id":0,"font":"","enabled":false},"version":2}},"categories":[21,3],"tags":[22,25],"class_list":["post-14236","post","type-post","status-publish","format-standard","has-post-thumbnail","hentry","category-aguascalientes","category-municipio-aguascalientes","tag-aguascalientes","tag-mpio-aguascalientes"],"jetpack_publicize_connections":[],"jetpack_featured_media_url":"https:\/\/i0.wp.com\/informativoelvalledeaguascalientes.online\/wp-content\/uploads\/2020\/12\/Mpio_ags_ANAC-3_02122020.jpeg?fit=1024%2C546&ssl=1","jetpack-related-posts":[],"jetpack_sharing_enabled":true,"jetpack_likes_enabled":true,"_links":{"self":[{"href":"https:\/\/informativoelvalledeaguascalientes.online\/index.php?rest_route=\/wp\/v2\/posts\/14236","targetHints":{"allow":["GET"]}}],"collection":[{"href":"https:\/\/informativoelvalledeaguascalientes.online\/index.php?rest_route=\/wp\/v2\/posts"}],"about":[{"href":"https:\/\/informativoelvalledeaguascalientes.online\/index.php?rest_route=\/wp\/v2\/types\/post"}],"author":[{"embeddable":true,"href":"https:\/\/informativoelvalledeaguascalientes.online\/index.php?rest_route=\/wp\/v2\/users\/1"}],"replies":[{"embeddable":true,"href":"https:\/\/informativoelvalledeaguascalientes.online\/index.php?rest_route=%2Fwp%2Fv2%2Fcomments&post=14236"}],"version-history":[{"count":1,"href":"https:\/\/informativoelvalledeaguascalientes.online\/index.php?rest_route=\/wp\/v2\/posts\/14236\/revisions"}],"predecessor-version":[{"id":14238,"href":"https:\/\/informativoelvalledeaguascalientes.online\/index.php?rest_route=\/wp\/v2\/posts\/14236\/revisions\/14238"}],"wp:featuredmedia":[{"embeddable":true,"href":"https:\/\/informativoelvalledeaguascalientes.online\/index.php?rest_route=\/wp\/v2\/media\/14237"}],"wp:attachment":[{"href":"https:\/\/informativoelvalledeaguascalientes.online\/index.php?rest_route=%2Fwp%2Fv2%2Fmedia&parent=14236"}],"wp:term":[{"taxonomy":"category","embeddable":true,"href":"https:\/\/informativoelvalledeaguascalientes.online\/index.php?rest_route=%2Fwp%2Fv2%2Fcategories&post=14236"},{"taxonomy":"post_tag","embeddable":true,"href":"https:\/\/informativoelvalledeaguascalientes.online\/index.php?rest_route=%2Fwp%2Fv2%2Ftags&post=14236"}],"curies":[{"name":"wp","href":"https:\/\/api.w.org\/{rel}","templated":true}]}}