{"id":14233,"date":"2020-12-03T09:58:38","date_gmt":"2020-12-03T15:58:38","guid":{"rendered":"https:\/\/informativoelvalledeaguascalientes.online\/?p=14233"},"modified":"2020-12-03T09:58:38","modified_gmt":"2020-12-03T15:58:38","slug":"designa-alejandro-moreno-cardenas-presidente-del-pri-nacional-a-los-representantes-en-los-3-distritos-electorales-federales-del-ine-para-aguascalientes","status":"publish","type":"post","link":"https:\/\/informativoelvalledeaguascalientes.online\/?p=14233","title":{"rendered":"DESIGNA ALEJANDRO MORENO C\u00c1RDENAS PRESIDENTE DEL PRI NACIONAL A LOS REPRESENTANTES EN LOS 3 DISTRITOS ELECTORALES FEDERALES DEL INE PARA AGUASCALIENTES"},"content":{"rendered":"<p>#informativoelvalledeaguascalientes<\/p>\n<p>#novaradioaguascalientes<\/p>\n<p style=\"font-weight: 400;\">A propuesta de la dirigencia estatal del PRI conformada por el presidente Herminio Ventura y la secretaria general, Leslie Atilano Tapia, el presidente del Comit\u00e9 Ejecutivo Nacional del PRI, Alejandro Moreno C\u00e1rdenas, autoriz\u00f3 los nombramientos de la representaci\u00f3n tricolor ante los Consejos Electorales para los 3 Distritos Federales del INE en Aguascalientes.<\/p>\n<p style=\"font-weight: 400;\">\n<p style=\"font-weight: 400;\">Distrito 1 con cabecera en Jes\u00fas Mar\u00eda: Ren\u00e9 Jonathan Hern\u00e1ndez Gayt\u00e1n, propietario y Fernando R\u00edos Negrete suplente; en el distrito 2 con cabecera en Aguascalientes Jos\u00e9 Guadalupe Ortega Tiscare\u00f1o propietario y Edith Yuriana Reyes Pedroza suplente; en el distrito 3 con cabecera en Aguascalientes Manuel Alejandro Garc\u00eda Sabas propietario y Jorge Alberto Araiza Ventura suplente.<\/p>\n<p style=\"font-weight: 400;\">\n<p style=\"font-weight: 400;\">Conforme al acuerdo INE\/CG540\/2020 emitido el 28 de octubre por el Consejo General del INE, relativo al procedimiento de designaci\u00f3n de Consejeras y Consejeros electorales de los 300 distritos electorales del pa\u00eds, la instalaci\u00f3n de estos consejos para organizar las elecciones federales concurrentes con los procesos electorales locales 2020-2021, fue prevista para este 01 de diciembre del 2020.<\/p>\n<p style=\"font-weight: 400;\">\n<p style=\"font-weight: 400;\">El presidente del Comit\u00e9 Directivo Estatal del PRI, Herminio Ventura, y la secretaria general Leslie Atilano Tapia, felicitaron la designaci\u00f3n de los priistas destacados, propietarios y suplentes que respectivamente ser\u00e1n quienes se desempa\u00f1ar\u00e1n como representantes ante los 3 Consejos Distritales del INE en Aguascalientes.<\/p>\n<p style=\"font-weight: 400;\">\n<p style=\"font-weight: 400;\">\u201cSeguro estoy que se desempe\u00f1ar\u00e1n con una gran vocaci\u00f3n, con responsabilidad plena y congruencia entre nuestros documentos b\u00e1sicos y la pr\u00e1ctica pol\u00edtica partidaria; desempe\u00f1\u00e1ndose con ejercicio \u00e9tico fundamental siempre en beneficio de nuestra militancia y de la sociedad en general\u201d, concluy\u00f3 Herminio Ventura.<\/p>\n<p style=\"font-weight: 400;\">\n","protected":false},"excerpt":{"rendered":"<p>#informativoelvalledeaguascalientes #novaradioaguascalientes A propuesta de la dirigencia estatal del PRI conformada por el presidente Herminio Ventura y la secretaria general, Leslie Atilano Tapia, el presidente del Comit\u00e9 Ejecutivo Nacional del PRI, Alejandro Moreno C\u00e1rdenas, autoriz\u00f3 los nombramientos de la representaci\u00f3n tricolor ante los Consejos Electorales para los 3 Distritos Federales del INE en Aguascalientes. Distrito [&hellip;]<\/p>\n","protected":false},"author":1,"featured_media":14234,"comment_status":"closed","ping_status":"open","sticky":false,"template":"","format":"standard","meta":{"advanced_seo_description":"","jetpack_seo_html_title":"","jetpack_seo_noindex":false,"_jetpack_memberships_contains_paid_content":false,"footnotes":"","jetpack_publicize_message":"","jetpack_publicize_feature_enabled":true,"jetpack_social_post_already_shared":true,"jetpack_social_options":{"image_generator_settings":{"template":"highway","default_image_id":0,"font":"","enabled":false},"version":2}},"categories":[21,19,6,9],"tags":[22,390],"class_list":["post-14233","post","type-post","status-publish","format-standard","has-post-thumbnail","hentry","category-aguascalientes","category-informacion-general","category-partidos-politicos","category-pri-aguascalientes","tag-aguascalientes","tag-pri-aguascalientes-cen"],"jetpack_publicize_connections":[],"jetpack_featured_media_url":"https:\/\/i0.wp.com\/informativoelvalledeaguascalientes.online\/wp-content\/uploads\/2020\/12\/pri_ags_02122020.jpg?fit=512%2C292&ssl=1","jetpack-related-posts":[],"jetpack_sharing_enabled":true,"jetpack_likes_enabled":true,"_links":{"self":[{"href":"https:\/\/informativoelvalledeaguascalientes.online\/index.php?rest_route=\/wp\/v2\/posts\/14233","targetHints":{"allow":["GET"]}}],"collection":[{"href":"https:\/\/informativoelvalledeaguascalientes.online\/index.php?rest_route=\/wp\/v2\/posts"}],"about":[{"href":"https:\/\/informativoelvalledeaguascalientes.online\/index.php?rest_route=\/wp\/v2\/types\/post"}],"author":[{"embeddable":true,"href":"https:\/\/informativoelvalledeaguascalientes.online\/index.php?rest_route=\/wp\/v2\/users\/1"}],"replies":[{"embeddable":true,"href":"https:\/\/informativoelvalledeaguascalientes.online\/index.php?rest_route=%2Fwp%2Fv2%2Fcomments&post=14233"}],"version-history":[{"count":1,"href":"https:\/\/informativoelvalledeaguascalientes.online\/index.php?rest_route=\/wp\/v2\/posts\/14233\/revisions"}],"predecessor-version":[{"id":14235,"href":"https:\/\/informativoelvalledeaguascalientes.online\/index.php?rest_route=\/wp\/v2\/posts\/14233\/revisions\/14235"}],"wp:featuredmedia":[{"embeddable":true,"href":"https:\/\/informativoelvalledeaguascalientes.online\/index.php?rest_route=\/wp\/v2\/media\/14234"}],"wp:attachment":[{"href":"https:\/\/informativoelvalledeaguascalientes.online\/index.php?rest_route=%2Fwp%2Fv2%2Fmedia&parent=14233"}],"wp:term":[{"taxonomy":"category","embeddable":true,"href":"https:\/\/informativoelvalledeaguascalientes.online\/index.php?rest_route=%2Fwp%2Fv2%2Fcategories&post=14233"},{"taxonomy":"post_tag","embeddable":true,"href":"https:\/\/informativoelvalledeaguascalientes.online\/index.php?rest_route=%2Fwp%2Fv2%2Ftags&post=14233"}],"curies":[{"name":"wp","href":"https:\/\/api.w.org\/{rel}","templated":true}]}}