{"id":14227,"date":"2020-12-03T09:55:03","date_gmt":"2020-12-03T15:55:03","guid":{"rendered":"https:\/\/informativoelvalledeaguascalientes.online\/?p=14227"},"modified":"2020-12-03T09:55:03","modified_gmt":"2020-12-03T15:55:03","slug":"municipio-de-calvillo-ags-impulsa-las-tradiciones-locales","status":"publish","type":"post","link":"https:\/\/informativoelvalledeaguascalientes.online\/?p=14227","title":{"rendered":"MUNICIPIO DE CALVILLO AGS. IMPULSA LAS TRADICIONES LOCALES"},"content":{"rendered":"<p>#informativoelvalledeaguascalientes<\/p>\n<p>#novaradioaguascalientes<\/p>\n<p style=\"font-weight: 400;\">El presidente municipal,\u00a0<strong>Ad\u00e1n Valdivia L\u00f3pez<\/strong>, hizo entrega de apoyos a la Liga de Charrer\u00eda de Calvillo para impulsar esta tradici\u00f3n tan arraigada entre los calvillenses durante estos tiempos dif\u00edciles que se viven actualmente.<\/p>\n<p style=\"font-weight: 400;\"><strong>Ad\u00e1n Valdivia<\/strong>\u00a0mencion\u00f3 que este ha sido un a\u00f1o complicado y que todas las actividades se han visto limitadas debido a la epidemia de Covid-19, pero agradece a la Liga de Charrer\u00eda, a las escaramuzas y a la escuela de charrer\u00eda,\u00a0 el amor, el cari\u00f1o y el esfuerzo por mantener vivo el esp\u00edritu del deporte m\u00e1s mexicano de todos. Asimismo, hizo una invitaci\u00f3n a acatar las medidas sanitarias y a cuidarnos entre todos para retomar las actividades y pr\u00f3ximamente disfrutar de las habilidades y destrezas de los charros que tanto gustan en el municipio.<\/p>\n<p style=\"font-weight: 400;\">En su mensaje, el presidente de la Liga de Charrer\u00eda,\u00a0<strong>Salvador Silva<\/strong>, resalt\u00f3 que no ser\u00eda posible la existencia de la liga sin el apoyo de todos quienes la conforman, de manera especial, agradeci\u00f3 a las autoridades municipales, encabezadas por\u00a0<strong>Ad\u00e1n Valdivia L\u00f3pez<\/strong>, el apoyo y el inter\u00e9s para mantener vivas las costumbres y tradiciones de Calvillo.<\/p>\n<p style=\"font-weight: 400;\">En el evento estuvieron presentes,\u00a0<strong>Ma. de Jes\u00fas Ortiz Medina<\/strong>, titular de la Secretar\u00eda Ejecutiva y\u00a0<strong>Jos\u00e9 Eugenio Mu\u00f1oz<\/strong>, director del Instituto de Deporte de Calvillo.<\/p>\n","protected":false},"excerpt":{"rendered":"<p>#informativoelvalledeaguascalientes #novaradioaguascalientes El presidente municipal,\u00a0Ad\u00e1n Valdivia L\u00f3pez, hizo entrega de apoyos a la Liga de Charrer\u00eda de Calvillo para impulsar esta tradici\u00f3n tan arraigada entre los calvillenses durante estos tiempos dif\u00edciles que se viven actualmente. Ad\u00e1n Valdivia\u00a0mencion\u00f3 que este ha sido un a\u00f1o complicado y que todas las actividades se han visto limitadas debido a [&hellip;]<\/p>\n","protected":false},"author":1,"featured_media":14228,"comment_status":"closed","ping_status":"open","sticky":false,"template":"","format":"standard","meta":{"advanced_seo_description":"","jetpack_seo_html_title":"","jetpack_seo_noindex":false,"_jetpack_memberships_contains_paid_content":false,"footnotes":"","jetpack_publicize_message":"","jetpack_publicize_feature_enabled":true,"jetpack_social_post_already_shared":true,"jetpack_social_options":{"image_generator_settings":{"template":"highway","default_image_id":0,"font":"","enabled":false},"version":2}},"categories":[21,13],"tags":[22,29],"class_list":["post-14227","post","type-post","status-publish","format-standard","has-post-thumbnail","hentry","category-aguascalientes","category-calvillo-aguascalientes","tag-aguascalientes","tag-calvillo-aguascalientes"],"jetpack_publicize_connections":[],"jetpack_featured_media_url":"https:\/\/i0.wp.com\/informativoelvalledeaguascalientes.online\/wp-content\/uploads\/2020\/12\/calvillo_ags_02122020.jpg?fit=937%2C625&ssl=1","jetpack-related-posts":[],"jetpack_sharing_enabled":true,"jetpack_likes_enabled":true,"_links":{"self":[{"href":"https:\/\/informativoelvalledeaguascalientes.online\/index.php?rest_route=\/wp\/v2\/posts\/14227","targetHints":{"allow":["GET"]}}],"collection":[{"href":"https:\/\/informativoelvalledeaguascalientes.online\/index.php?rest_route=\/wp\/v2\/posts"}],"about":[{"href":"https:\/\/informativoelvalledeaguascalientes.online\/index.php?rest_route=\/wp\/v2\/types\/post"}],"author":[{"embeddable":true,"href":"https:\/\/informativoelvalledeaguascalientes.online\/index.php?rest_route=\/wp\/v2\/users\/1"}],"replies":[{"embeddable":true,"href":"https:\/\/informativoelvalledeaguascalientes.online\/index.php?rest_route=%2Fwp%2Fv2%2Fcomments&post=14227"}],"version-history":[{"count":1,"href":"https:\/\/informativoelvalledeaguascalientes.online\/index.php?rest_route=\/wp\/v2\/posts\/14227\/revisions"}],"predecessor-version":[{"id":14229,"href":"https:\/\/informativoelvalledeaguascalientes.online\/index.php?rest_route=\/wp\/v2\/posts\/14227\/revisions\/14229"}],"wp:featuredmedia":[{"embeddable":true,"href":"https:\/\/informativoelvalledeaguascalientes.online\/index.php?rest_route=\/wp\/v2\/media\/14228"}],"wp:attachment":[{"href":"https:\/\/informativoelvalledeaguascalientes.online\/index.php?rest_route=%2Fwp%2Fv2%2Fmedia&parent=14227"}],"wp:term":[{"taxonomy":"category","embeddable":true,"href":"https:\/\/informativoelvalledeaguascalientes.online\/index.php?rest_route=%2Fwp%2Fv2%2Fcategories&post=14227"},{"taxonomy":"post_tag","embeddable":true,"href":"https:\/\/informativoelvalledeaguascalientes.online\/index.php?rest_route=%2Fwp%2Fv2%2Ftags&post=14227"}],"curies":[{"name":"wp","href":"https:\/\/api.w.org\/{rel}","templated":true}]}}