{"id":14221,"date":"2020-12-03T09:49:36","date_gmt":"2020-12-03T15:49:36","guid":{"rendered":"https:\/\/informativoelvalledeaguascalientes.online\/?p=14221"},"modified":"2020-12-03T09:49:36","modified_gmt":"2020-12-03T15:49:36","slug":"analiza-gobernador-con-diputados-escenarios-del-paquete-economico-2021","status":"publish","type":"post","link":"https:\/\/informativoelvalledeaguascalientes.online\/?p=14221","title":{"rendered":"ANALIZA GOBERNADOR CON DIPUTADOS ESCENARIOS DEL PAQUETE ECON\u00d3MICO 2021\u00a0"},"content":{"rendered":"<p>#informativoelvalledeaguascalientes<\/p>\n<p>#novaradioaguascalientes<\/p>\n<ul>\n<li dir=\"ltr\">\n<p dir=\"ltr\">Encabeza Mart\u00edn Orozco Sandoval reuni\u00f3n de trabajo con legisladores locales de todas las fracciones<\/p>\n<\/li>\n<li dir=\"ltr\">\n<p dir=\"ltr\">Ante la situaci\u00f3n econ\u00f3mica del pa\u00eds, se deben\u00a0 buscar alternativas para construir acuerdos en beneficios de los y las aguascalentenses<\/p>\n<\/li>\n<\/ul>\n<p>&nbsp;<\/p>\n<p dir=\"ltr\">El gobernador del estado, Mart\u00edn Orozco Sandoval, sostuvo una reuni\u00f3n de trabajo con diputadas y diputados de las diferentes fracciones que integran la LXIV Legislatura local, en la que dialogaron sobre los escenarios econ\u00f3micos que enfrentar\u00e1 la entidad debido a la actual pandemia y a los recortes en los fideicomisos y subsidios anunciados por el Gobierno Federal.<\/p>\n<p>&nbsp;<\/p>\n<p dir=\"ltr\">El ejecutivo y los legisladores analizaron algunas de las decisiones que se han tomado a nivel federal para integrar el paquete econ\u00f3mico que proyecta ejercer el pr\u00f3ximo a\u00f1o\u00a0 26 mil millones, 917 mil pesos,\u00a0 lo cual afectar\u00eda a la entidad y sus municipios con una reducci\u00f3n de 102 millones de pesos,\u00a0 factor que debe tomarse en cuenta para la integraci\u00f3n del presupuesto de Aguascalientes.<\/p>\n<p>&nbsp;<\/p>\n<p dir=\"ltr\">Durante la sesi\u00f3n, el gobernador del estado manifest\u00f3 que el paquete econ\u00f3mico para el 2021 disminuir\u00e1 la inversi\u00f3n en infraestructura y obra p\u00fablica, ya que se dar\u00e1 prioridad a seguridad, educaci\u00f3n y servicios de salud para mantener los est\u00e1ndares de calidad en beneficio de los y las aguascalentenses.<\/p>\n<p>&nbsp;<\/p>\n<p dir=\"ltr\">Se\u00f1al\u00f3 que a trav\u00e9s de la Secretar\u00eda de Finanzas, la administraci\u00f3n estatal busca alternativas que permitan construir los acuerdos necesarios con el Poder Legislativo y tomar las decisiones correctas para hacer frente a los escenarios econ\u00f3micos estatales, nacionales e internacionales.<\/p>\n<p>&nbsp;<\/p>\n<p dir=\"ltr\">Por su parte, respecto al paquete econ\u00f3mico, los legisladores expusieron al gobernador sus puntos de vista sobre la situaci\u00f3n econ\u00f3mica a la que se enfrentar\u00e1 el estado durante el pr\u00f3ximo a\u00f1o, especialmente derivado a la pandemia y de la integraci\u00f3n del PEF 2021, as\u00ed como la necesidad de tomar en cuenta todos estos factores en el an\u00e1lisis de ingresos y erogaciones propuestas por la administraci\u00f3n estatal.<\/p>\n","protected":false},"excerpt":{"rendered":"<p>#informativoelvalledeaguascalientes #novaradioaguascalientes Encabeza Mart\u00edn Orozco Sandoval reuni\u00f3n de trabajo con legisladores locales de todas las fracciones Ante la situaci\u00f3n econ\u00f3mica del pa\u00eds, se deben\u00a0 buscar alternativas para construir acuerdos en beneficios de los y las aguascalentenses &nbsp; El gobernador del estado, Mart\u00edn Orozco Sandoval, sostuvo una reuni\u00f3n de trabajo con diputadas y diputados de las [&hellip;]<\/p>\n","protected":false},"author":1,"featured_media":14222,"comment_status":"closed","ping_status":"open","sticky":false,"template":"","format":"standard","meta":{"advanced_seo_description":"","jetpack_seo_html_title":"","jetpack_seo_noindex":false,"_jetpack_memberships_contains_paid_content":false,"footnotes":"","jetpack_publicize_message":"","jetpack_publicize_feature_enabled":true,"jetpack_social_post_already_shared":true,"jetpack_social_options":{"image_generator_settings":{"template":"highway","default_image_id":0,"font":"","enabled":false},"version":2}},"categories":[21,4],"tags":[22,44,31],"class_list":["post-14221","post","type-post","status-publish","format-standard","has-post-thumbnail","hentry","category-aguascalientes","category-gobierno-del-estado-aguascalientes","tag-aguascalientes","tag-lxiv-legislatura-aguascalientes","tag-mos"],"jetpack_publicize_connections":[],"jetpack_featured_media_url":"https:\/\/i0.wp.com\/informativoelvalledeaguascalientes.online\/wp-content\/uploads\/2020\/12\/mos_diputados_02122020.jpg?fit=938%2C625&ssl=1","jetpack-related-posts":[],"jetpack_sharing_enabled":true,"jetpack_likes_enabled":true,"_links":{"self":[{"href":"https:\/\/informativoelvalledeaguascalientes.online\/index.php?rest_route=\/wp\/v2\/posts\/14221","targetHints":{"allow":["GET"]}}],"collection":[{"href":"https:\/\/informativoelvalledeaguascalientes.online\/index.php?rest_route=\/wp\/v2\/posts"}],"about":[{"href":"https:\/\/informativoelvalledeaguascalientes.online\/index.php?rest_route=\/wp\/v2\/types\/post"}],"author":[{"embeddable":true,"href":"https:\/\/informativoelvalledeaguascalientes.online\/index.php?rest_route=\/wp\/v2\/users\/1"}],"replies":[{"embeddable":true,"href":"https:\/\/informativoelvalledeaguascalientes.online\/index.php?rest_route=%2Fwp%2Fv2%2Fcomments&post=14221"}],"version-history":[{"count":1,"href":"https:\/\/informativoelvalledeaguascalientes.online\/index.php?rest_route=\/wp\/v2\/posts\/14221\/revisions"}],"predecessor-version":[{"id":14223,"href":"https:\/\/informativoelvalledeaguascalientes.online\/index.php?rest_route=\/wp\/v2\/posts\/14221\/revisions\/14223"}],"wp:featuredmedia":[{"embeddable":true,"href":"https:\/\/informativoelvalledeaguascalientes.online\/index.php?rest_route=\/wp\/v2\/media\/14222"}],"wp:attachment":[{"href":"https:\/\/informativoelvalledeaguascalientes.online\/index.php?rest_route=%2Fwp%2Fv2%2Fmedia&parent=14221"}],"wp:term":[{"taxonomy":"category","embeddable":true,"href":"https:\/\/informativoelvalledeaguascalientes.online\/index.php?rest_route=%2Fwp%2Fv2%2Fcategories&post=14221"},{"taxonomy":"post_tag","embeddable":true,"href":"https:\/\/informativoelvalledeaguascalientes.online\/index.php?rest_route=%2Fwp%2Fv2%2Ftags&post=14221"}],"curies":[{"name":"wp","href":"https:\/\/api.w.org\/{rel}","templated":true}]}}