{"id":14214,"date":"2020-12-01T23:13:17","date_gmt":"2020-12-02T05:13:17","guid":{"rendered":"https:\/\/informativoelvalledeaguascalientes.online\/?p=14214"},"modified":"2020-12-01T23:13:17","modified_gmt":"2020-12-02T05:13:17","slug":"tere-jimenez-enciende-iluminacion-navidena-y-con-ello-la-esperanza-de-un-futuro-mejor","status":"publish","type":"post","link":"https:\/\/informativoelvalledeaguascalientes.online\/?p=14214","title":{"rendered":"TERE JIM\u00c9NEZ ENCIENDE ILUMINACI\u00d3N NAVIDE\u00d1A Y CON ELLO LA ESPERANZA DE UN FUTURO MEJOR"},"content":{"rendered":"<div class=\"opinion-section opinion-single-cover opinion-indent opinion-overlay\">\n<div class=\"container\">\n<div class=\"section-head row justify-content-center text-center\">\n<div class=\"col-12 col-md-8\">\n<div class=\"section-meta\">\n<p>#informativoelvalledeaguascalientes<\/p>\n<p>#novaradioaguascalientes<\/p>\n<\/div>\n<div>Este primero de diciembre la alcaldesa <strong>Tere Jim\u00e9nez<\/strong>\u00a0realiz\u00f3 de manera virtual el encendido de la iluminaci\u00f3n navide\u00f1a colocada por la Direcci\u00f3n de Alumbrado P\u00fablico en distintos puntos de la ciudad.<\/div>\n<\/div>\n<\/div>\n<\/div>\n<\/div>\n<div class=\"opinion-section\">\n<div class=\"container\">\n<div class=\"section-content row justify-content-center\">\n<div class=\"col-12 col-lg-8 opinion-order-1\">\n<article class=\"opinion-post opinion-single post-23332 post type-post status-publish format-standard has-post-thumbnail hentry category-alumbrado-publico category-navidad tag-alcaldesa-tere-jimenez tag-iluminacion tag-luces-navidenas tag-navidad\">\n<div class=\"entry-content\">\n<p>Llevando un mensaje de aliento, este a\u00f1o se instal\u00f3 una iluminaci\u00f3n sencilla y dispersa en plazas y se privilegiaron las vialidades y accesos a la ciudad, para que la poblaci\u00f3n los aprecie en sus traslados y no generar aglomeraci\u00f3n de personas.<\/p>\n<p>La alcaldesa se\u00f1al\u00f3 que este a\u00f1o las celebraciones decembrinas ser\u00e1n distintas, ya que lo m\u00e1s importante en estos momentos es cuidar nuestra salud y la de nuestros seres queridos, es por eso que invit\u00f3 a las familias a mantener todas las medidas de prevenci\u00f3n sanitaria.<\/p>\n<p>Mencion\u00f3 que aunque esta vez las familias y amigos no podr\u00e1n reunirse, debemos estar m\u00e1s unidos que nunca para hacer frente a la pandemia, por lo que con esta iluminaci\u00f3n se enciende tambi\u00e9n el deseo de un futuro mejor.<\/p>\n<p>Algunos de los puntos que se iluminaron fueron la Plaza de la Patria, Plaza Fundadores, Jard\u00edn de San Marcos, las glorietas de La Pur\u00edsima y Benito Ju\u00e1rez, las calles Francisco I. Madero, Carranza, F. Elizondo, las avenidas Las Am\u00e9ricas, L\u00f3pez Mateos y boulevard Colosio, adem\u00e1s de los accesos a la ciudad.<\/p>\n<p>La instalaci\u00f3n se realiz\u00f3 con adornos como el \u00e1rbol de Navidad, el tradicional nacimiento y luces de a\u00f1os pasados, lo que no gener\u00f3 ning\u00fan gasto para la administraci\u00f3n municipal.<\/p>\n<\/div>\n<\/article>\n<\/div>\n<\/div>\n<\/div>\n<\/div>\n","protected":false},"excerpt":{"rendered":"<p>#informativoelvalledeaguascalientes #novaradioaguascalientes Este primero de diciembre la alcaldesa Tere Jim\u00e9nez\u00a0realiz\u00f3 de manera virtual el encendido de la iluminaci\u00f3n navide\u00f1a colocada por la Direcci\u00f3n de Alumbrado P\u00fablico en distintos puntos de la ciudad. Llevando un mensaje de aliento, este a\u00f1o se instal\u00f3 una iluminaci\u00f3n sencilla y dispersa en plazas y se privilegiaron las vialidades y accesos [&hellip;]<\/p>\n","protected":false},"author":1,"featured_media":14215,"comment_status":"closed","ping_status":"open","sticky":false,"template":"","format":"standard","meta":{"advanced_seo_description":"","jetpack_seo_html_title":"","jetpack_seo_noindex":false,"_jetpack_memberships_contains_paid_content":false,"footnotes":"","jetpack_publicize_message":"","jetpack_publicize_feature_enabled":true,"jetpack_social_post_already_shared":true,"jetpack_social_options":{"image_generator_settings":{"template":"highway","default_image_id":0,"font":"","enabled":false},"version":2}},"categories":[21,3],"tags":[22,25],"class_list":["post-14214","post","type-post","status-publish","format-standard","has-post-thumbnail","hentry","category-aguascalientes","category-municipio-aguascalientes","tag-aguascalientes","tag-mpio-aguascalientes"],"jetpack_publicize_connections":[],"jetpack_featured_media_url":"https:\/\/i0.wp.com\/informativoelvalledeaguascalientes.online\/wp-content\/uploads\/2020\/12\/LUCES_MPIO_AGS_01122020.jpg?fit=1280%2C853&ssl=1","jetpack-related-posts":[],"jetpack_sharing_enabled":true,"jetpack_likes_enabled":true,"_links":{"self":[{"href":"https:\/\/informativoelvalledeaguascalientes.online\/index.php?rest_route=\/wp\/v2\/posts\/14214","targetHints":{"allow":["GET"]}}],"collection":[{"href":"https:\/\/informativoelvalledeaguascalientes.online\/index.php?rest_route=\/wp\/v2\/posts"}],"about":[{"href":"https:\/\/informativoelvalledeaguascalientes.online\/index.php?rest_route=\/wp\/v2\/types\/post"}],"author":[{"embeddable":true,"href":"https:\/\/informativoelvalledeaguascalientes.online\/index.php?rest_route=\/wp\/v2\/users\/1"}],"replies":[{"embeddable":true,"href":"https:\/\/informativoelvalledeaguascalientes.online\/index.php?rest_route=%2Fwp%2Fv2%2Fcomments&post=14214"}],"version-history":[{"count":1,"href":"https:\/\/informativoelvalledeaguascalientes.online\/index.php?rest_route=\/wp\/v2\/posts\/14214\/revisions"}],"predecessor-version":[{"id":14216,"href":"https:\/\/informativoelvalledeaguascalientes.online\/index.php?rest_route=\/wp\/v2\/posts\/14214\/revisions\/14216"}],"wp:featuredmedia":[{"embeddable":true,"href":"https:\/\/informativoelvalledeaguascalientes.online\/index.php?rest_route=\/wp\/v2\/media\/14215"}],"wp:attachment":[{"href":"https:\/\/informativoelvalledeaguascalientes.online\/index.php?rest_route=%2Fwp%2Fv2%2Fmedia&parent=14214"}],"wp:term":[{"taxonomy":"category","embeddable":true,"href":"https:\/\/informativoelvalledeaguascalientes.online\/index.php?rest_route=%2Fwp%2Fv2%2Fcategories&post=14214"},{"taxonomy":"post_tag","embeddable":true,"href":"https:\/\/informativoelvalledeaguascalientes.online\/index.php?rest_route=%2Fwp%2Fv2%2Ftags&post=14214"}],"curies":[{"name":"wp","href":"https:\/\/api.w.org\/{rel}","templated":true}]}}