{"id":14199,"date":"2020-12-01T22:39:14","date_gmt":"2020-12-02T04:39:14","guid":{"rendered":"https:\/\/informativoelvalledeaguascalientes.online\/?p=14199"},"modified":"2020-12-01T22:39:14","modified_gmt":"2020-12-02T04:39:14","slug":"80-familias-mas-beneficiadas-con-el-programa-mejoramiento-de-vivienda-del-municipio-de-calvillo-ags-y-la-congregacion-mariana-trinitaria","status":"publish","type":"post","link":"https:\/\/informativoelvalledeaguascalientes.online\/?p=14199","title":{"rendered":"80 FAMILIAS M\u00c1S BENEFICIADAS CON EL PROGRAMA MEJORAMIENTO DE VIVIENDA DEL MUNICIPIO DE CALVILLO AGS. Y LA CONGREGACI\u00d3N MARIANA TRINITARIA"},"content":{"rendered":"<p>#informativoelvalledeaguascalientes<\/p>\n<p>#novaradioaguascalientes<\/p>\n<p style=\"font-weight: 400;\">El d\u00eda de hoy se beneficiaron a 80 familias con tinacos para elevar su calidad de vida y seguir aportando al desarrollo de todos los calvillenses, as\u00ed lo inform\u00f3\u00a0<strong>Alfredo Garc\u00eda Mart\u00ednez<\/strong>, titular de la Secretar\u00eda de Desarrollo Social de Calvillo.<\/p>\n<p style=\"font-weight: 400;\">Como parte de la acciones de la Administraci\u00f3n Municipal 2019 \u2013 2021, encabezada por\u00a0<strong>Ad\u00e1n Valdivia L\u00f3pez<\/strong>, de continuar trabajando junto la sociedad organizada para impulsar la mejora en los servicios b\u00e1sicos de los hogares del municipio, se han subsidiado materiales de construcci\u00f3n y equipamiento con el objetivo de que los habitantes de Calvillo puedan acceder a estos a un precio accesible y dignificar su patrimonio.<\/p>\n<p style=\"font-weight: 400;\">Para mayores informes sobre estos apoyos comunicarse al tel\u00e9fono: 495 956 00 39 o acudir a las oficinas ubicadas en la Presidencia Municipal.<\/p>\n","protected":false},"excerpt":{"rendered":"<p>#informativoelvalledeaguascalientes #novaradioaguascalientes El d\u00eda de hoy se beneficiaron a 80 familias con tinacos para elevar su calidad de vida y seguir aportando al desarrollo de todos los calvillenses, as\u00ed lo inform\u00f3\u00a0Alfredo Garc\u00eda Mart\u00ednez, titular de la Secretar\u00eda de Desarrollo Social de Calvillo. Como parte de la acciones de la Administraci\u00f3n Municipal 2019 \u2013 2021, encabezada [&hellip;]<\/p>\n","protected":false},"author":1,"featured_media":14200,"comment_status":"closed","ping_status":"open","sticky":false,"template":"","format":"standard","meta":{"advanced_seo_description":"","jetpack_seo_html_title":"","jetpack_seo_noindex":false,"_jetpack_memberships_contains_paid_content":false,"footnotes":"","jetpack_publicize_message":"","jetpack_publicize_feature_enabled":true,"jetpack_social_post_already_shared":true,"jetpack_social_options":{"image_generator_settings":{"template":"highway","default_image_id":0,"font":"","enabled":false},"version":2}},"categories":[21,13],"tags":[22,29],"class_list":["post-14199","post","type-post","status-publish","format-standard","has-post-thumbnail","hentry","category-aguascalientes","category-calvillo-aguascalientes","tag-aguascalientes","tag-calvillo-aguascalientes"],"jetpack_publicize_connections":[],"jetpack_featured_media_url":"https:\/\/i0.wp.com\/informativoelvalledeaguascalientes.online\/wp-content\/uploads\/2020\/12\/calvillo_ags_01122020.jpg?fit=757%2C568&ssl=1","jetpack-related-posts":[],"jetpack_sharing_enabled":true,"jetpack_likes_enabled":true,"_links":{"self":[{"href":"https:\/\/informativoelvalledeaguascalientes.online\/index.php?rest_route=\/wp\/v2\/posts\/14199","targetHints":{"allow":["GET"]}}],"collection":[{"href":"https:\/\/informativoelvalledeaguascalientes.online\/index.php?rest_route=\/wp\/v2\/posts"}],"about":[{"href":"https:\/\/informativoelvalledeaguascalientes.online\/index.php?rest_route=\/wp\/v2\/types\/post"}],"author":[{"embeddable":true,"href":"https:\/\/informativoelvalledeaguascalientes.online\/index.php?rest_route=\/wp\/v2\/users\/1"}],"replies":[{"embeddable":true,"href":"https:\/\/informativoelvalledeaguascalientes.online\/index.php?rest_route=%2Fwp%2Fv2%2Fcomments&post=14199"}],"version-history":[{"count":1,"href":"https:\/\/informativoelvalledeaguascalientes.online\/index.php?rest_route=\/wp\/v2\/posts\/14199\/revisions"}],"predecessor-version":[{"id":14201,"href":"https:\/\/informativoelvalledeaguascalientes.online\/index.php?rest_route=\/wp\/v2\/posts\/14199\/revisions\/14201"}],"wp:featuredmedia":[{"embeddable":true,"href":"https:\/\/informativoelvalledeaguascalientes.online\/index.php?rest_route=\/wp\/v2\/media\/14200"}],"wp:attachment":[{"href":"https:\/\/informativoelvalledeaguascalientes.online\/index.php?rest_route=%2Fwp%2Fv2%2Fmedia&parent=14199"}],"wp:term":[{"taxonomy":"category","embeddable":true,"href":"https:\/\/informativoelvalledeaguascalientes.online\/index.php?rest_route=%2Fwp%2Fv2%2Fcategories&post=14199"},{"taxonomy":"post_tag","embeddable":true,"href":"https:\/\/informativoelvalledeaguascalientes.online\/index.php?rest_route=%2Fwp%2Fv2%2Ftags&post=14199"}],"curies":[{"name":"wp","href":"https:\/\/api.w.org\/{rel}","templated":true}]}}