{"id":14193,"date":"2020-12-01T22:31:21","date_gmt":"2020-12-02T04:31:21","guid":{"rendered":"https:\/\/informativoelvalledeaguascalientes.online\/?p=14193"},"modified":"2020-12-01T22:31:21","modified_gmt":"2020-12-02T04:31:21","slug":"consejos-distritales-del-ine-rinden-protesta-para-el-proceso-electoral-federal-2020-2021","status":"publish","type":"post","link":"https:\/\/informativoelvalledeaguascalientes.online\/?p=14193","title":{"rendered":"Consejos Distritales del INE rinden protesta para el Proceso Electoral Federal 2020-2021\u00a0\u00a0"},"content":{"rendered":"<p>#informativoelvalledeaguascalientes<\/p>\n<p>#novaradioaguascalientes<\/p>\n<ul style=\"font-weight: 400;\">\n<li><strong><em>Rinden protesta 18 ciudadanas y ciudadanos para acompa\u00f1ar y supervisar las tareas del Instituto Nacional Electoral rumbo a la elecci\u00f3n federal del 6 de junio.\u00a0\u00a0<\/em><\/strong><\/li>\n<\/ul>\n<p style=\"font-weight: 400;\">Con la toma de protesta de las y los Consejeros Electorales, quedaron instalados oficialmente los tres Consejos Distritales del Instituto Nacional Electoral en Aguascalientes, para dar seguimiento puntual a la organizaci\u00f3n del Proceso Electoral Federal 2020-2021.<\/p>\n<p style=\"font-weight: 400;\">\n<p style=\"font-weight: 400;\">Ignacio Ruelas Olvera, presidente del Consejo Local del INE, dijo que ser\u00e1n los tres Consejos Distritales quienes atender\u00e1n las tareas de la Elecci\u00f3n Federal 20-21 del pr\u00f3ximo 6 de junio, fecha en la que se espera una gran participaci\u00f3n en las urnas y en la que las y los ciudadanos podr\u00e1n dise\u00f1ar y decidir el futuro de Aguascalientes.<\/p>\n<p style=\"font-weight: 400;\">\n<p style=\"font-weight: 400;\">Cada uno de los Consejos Distritales qued\u00f3 integrado por 3 consejeras y 3 consejeros, 1 presidente (vocal ejecutivo de la Junta Distrital correspondiente) y representantes de los diez partidos pol\u00edticos nacionales. Entre sus principales tareas est\u00e1n: el sorteo de la ciudadan\u00eda para la integraci\u00f3n de las mesas directivas de casilla, acreditar a las personas interesadas en la observaci\u00f3n electoral, registrar las f\u00f3rmulas de las candidaturas a las diputaciones federales por el principio de mayor\u00eda relativa, realizar los c\u00f3mputos distritales y la declaraci\u00f3n de validez de la elecci\u00f3n federal, crear Comisiones para el adecuado desempe\u00f1o de sus funciones y supervisar las actividades de las juntas distritales ejecutivas durante el proceso electoral.<\/p>\n<p style=\"font-weight: 400;\">\n<table style=\"font-weight: 400;\" width=\"0\">\n<tbody>\n<tr>\n<td width=\"201\"><strong>01 DISTRITO\u00a0<\/strong><\/td>\n<td width=\"215\"><strong>02 DISTRITO\u00a0<\/strong><\/td>\n<td width=\"187\"><strong>03 DISTRITO\u00a0<\/strong><\/td>\n<\/tr>\n<tr>\n<td width=\"201\">Adriana\u00a0Jim\u00e9nez de Le\u00f3n<\/td>\n<td width=\"215\">Mar\u00eda del Carmen\u00a0Briones Gonz\u00e1lez<\/td>\n<td width=\"187\">Ana Luisa\u00a0Flores Mu\u00f1oz<\/td>\n<\/tr>\n<tr>\n<td width=\"201\">Gerardo Antonio\u00a0Veloz Rodr\u00edguez<\/td>\n<td width=\"215\">Aldo Adri\u00e1n\u00a0Mart\u00ednez Hern\u00e1ndez<\/td>\n<td width=\"187\">Ernesto Carlos\u00a0Aguirre Moreno<\/td>\n<\/tr>\n<tr>\n<td width=\"201\">Ana Susana\u00a0L\u00f3pez de la Parra<\/td>\n<td width=\"215\">Karla Guadalupe\u00a0Mart\u00ednez Collazo<\/td>\n<td width=\"187\">Daniela Ivette Mart\u00ednez Rosales<\/td>\n<\/tr>\n<tr>\n<td width=\"201\">Gustavo Viveros Fern\u00e1ndez<\/td>\n<td width=\"215\">Miguel \u00c1ngel\u00a0P\u00e9rez Cadena<\/td>\n<td width=\"187\">Ricardo Jes\u00fas L\u00f3pez Luna<\/td>\n<\/tr>\n<tr>\n<td width=\"201\">Adriana\u00a0Garc\u00eda Campos<\/td>\n<td width=\"215\">Lorena P\u00e9rez S\u00e1nchez<\/td>\n<td width=\"187\">Luzma Noem\u00ed\u00a0Guerrero Garc\u00eda<\/td>\n<\/tr>\n<tr>\n<td width=\"201\">Miguel \u00c1ngel\u00a0Calder\u00f3n S\u00e1nchez<\/td>\n<td width=\"215\">Juan Jes\u00fas\u00a0Barr\u00f3n Ibarra<\/td>\n<td width=\"187\">Marco Antonio\u00a0Cervantes Guill\u00e9n<\/td>\n<\/tr>\n<\/tbody>\n<\/table>\n<p style=\"font-weight: 400;\"><strong>\u00a0<\/strong><\/p>\n<p style=\"font-weight: 400;\">Derivado de las medidas de atenci\u00f3n a implementar en las actividades del Proceso Electoral por la pandemia resultante del COVID-19, el Consejo Distrital 01 celebr\u00f3 su sesi\u00f3n de manera virtual, mientras que los Consejos 02 y 03 tuvieron oportunidad de realizarla en la modalidad mixta (presencial y virtual).<\/p>\n","protected":false},"excerpt":{"rendered":"<p>#informativoelvalledeaguascalientes #novaradioaguascalientes Rinden protesta 18 ciudadanas y ciudadanos para acompa\u00f1ar y supervisar las tareas del Instituto Nacional Electoral rumbo a la elecci\u00f3n federal del 6 de junio.\u00a0\u00a0 Con la toma de protesta de las y los Consejeros Electorales, quedaron instalados oficialmente los tres Consejos Distritales del Instituto Nacional Electoral en Aguascalientes, para dar seguimiento puntual [&hellip;]<\/p>\n","protected":false},"author":1,"featured_media":14194,"comment_status":"closed","ping_status":"open","sticky":false,"template":"","format":"standard","meta":{"advanced_seo_description":"","jetpack_seo_html_title":"","jetpack_seo_noindex":false,"_jetpack_memberships_contains_paid_content":false,"footnotes":"","jetpack_publicize_message":"","jetpack_publicize_feature_enabled":true,"jetpack_social_post_already_shared":true,"jetpack_social_options":{"image_generator_settings":{"template":"highway","default_image_id":0,"font":"","enabled":false},"version":2}},"categories":[21,19],"tags":[22,82,94],"class_list":["post-14193","post","type-post","status-publish","format-standard","has-post-thumbnail","hentry","category-aguascalientes","category-informacion-general","tag-aguascalientes","tag-ine","tag-ine-aguascalientes"],"jetpack_publicize_connections":[],"jetpack_featured_media_url":"https:\/\/i0.wp.com\/informativoelvalledeaguascalientes.online\/wp-content\/uploads\/2020\/12\/ine_ags_01122020.jpg?fit=851%2C568&ssl=1","jetpack-related-posts":[],"jetpack_sharing_enabled":true,"jetpack_likes_enabled":true,"_links":{"self":[{"href":"https:\/\/informativoelvalledeaguascalientes.online\/index.php?rest_route=\/wp\/v2\/posts\/14193","targetHints":{"allow":["GET"]}}],"collection":[{"href":"https:\/\/informativoelvalledeaguascalientes.online\/index.php?rest_route=\/wp\/v2\/posts"}],"about":[{"href":"https:\/\/informativoelvalledeaguascalientes.online\/index.php?rest_route=\/wp\/v2\/types\/post"}],"author":[{"embeddable":true,"href":"https:\/\/informativoelvalledeaguascalientes.online\/index.php?rest_route=\/wp\/v2\/users\/1"}],"replies":[{"embeddable":true,"href":"https:\/\/informativoelvalledeaguascalientes.online\/index.php?rest_route=%2Fwp%2Fv2%2Fcomments&post=14193"}],"version-history":[{"count":1,"href":"https:\/\/informativoelvalledeaguascalientes.online\/index.php?rest_route=\/wp\/v2\/posts\/14193\/revisions"}],"predecessor-version":[{"id":14195,"href":"https:\/\/informativoelvalledeaguascalientes.online\/index.php?rest_route=\/wp\/v2\/posts\/14193\/revisions\/14195"}],"wp:featuredmedia":[{"embeddable":true,"href":"https:\/\/informativoelvalledeaguascalientes.online\/index.php?rest_route=\/wp\/v2\/media\/14194"}],"wp:attachment":[{"href":"https:\/\/informativoelvalledeaguascalientes.online\/index.php?rest_route=%2Fwp%2Fv2%2Fmedia&parent=14193"}],"wp:term":[{"taxonomy":"category","embeddable":true,"href":"https:\/\/informativoelvalledeaguascalientes.online\/index.php?rest_route=%2Fwp%2Fv2%2Fcategories&post=14193"},{"taxonomy":"post_tag","embeddable":true,"href":"https:\/\/informativoelvalledeaguascalientes.online\/index.php?rest_route=%2Fwp%2Fv2%2Ftags&post=14193"}],"curies":[{"name":"wp","href":"https:\/\/api.w.org\/{rel}","templated":true}]}}