{"id":14054,"date":"2020-11-26T22:17:43","date_gmt":"2020-11-27T04:17:43","guid":{"rendered":"https:\/\/informativoelvalledeaguascalientes.online\/?p=14054"},"modified":"2020-11-26T22:17:43","modified_gmt":"2020-11-27T04:17:43","slug":"encabeza-martin-orozco-sandoval-renovacion-de-la-mesa-de-seguridad-y-justicia-aguascalientes","status":"publish","type":"post","link":"https:\/\/informativoelvalledeaguascalientes.online\/?p=14054","title":{"rendered":"ENCABEZA MART\u00cdN OROZCO SANDOVAL RENOVACI\u00d3N DE LA MESA DE SEGURIDAD Y JUSTICIA AGUASCALIENTES"},"content":{"rendered":"<p dir=\"ltr\">#informativoelvalledeaguascalientes<br \/>\n#novaradioaguascalientes<\/p>\n<ul>\n<li dir=\"ltr\">\n<p dir=\"ltr\">Enrique L\u00f3pez V\u00e1zquez, integrante del Grupo de Industriales, entrega la coordinaci\u00f3n a la empresaria Karla Martorell Moya<\/p>\n<\/li>\n<li dir=\"ltr\">\n<p dir=\"ltr\">El Gobierno del Estado reafirma su compromiso de impulsar el bienestar de los y las aguascalentenses<\/p>\n<\/li>\n<li dir=\"ltr\">\n<p dir=\"ltr\">La nueva titular se\u00f1al\u00f3 que dar\u00e1 continuidad a los proyectos emprendidos por su antecesor<\/p>\n<\/li>\n<\/ul>\n<p dir=\"ltr\">Coordinaci\u00f3n entre instituciones y prevenci\u00f3n del delito son los desaf\u00edos que enfrenta Karla Martorell Moya para dar continuidad al trabajo realizado por Enrique L\u00f3pez V\u00e1zquez al frente de la Mesa de Seguridad y Justicia Aguascalientes para el periodo 2021-2022.<\/p>\n<p dir=\"ltr\">Al encabezar la instalaci\u00f3n simb\u00f3lica de la nueva mesa directiva, el gobernador del estado, Mart\u00edn Orozco Sandoval, reconoci\u00f3 el trabajo realizado por L\u00f3pez V\u00e1zquez durante su gesti\u00f3n y agradeci\u00f3 ampliamente la participaci\u00f3n organizada, activa y responsable que han tenido en el tema de seguridad, una materia fundamental y prioritaria para su gobierno.<\/p>\n<p dir=\"ltr\">El mandatario estatal tambi\u00e9n dio la bienvenida a la nueva titular, ante quien reafirm\u00f3 que el deber y compromiso del Gobierno del Estado es impulsar juntos, el desarrollo y bienestar de Aguascalientes con la participaci\u00f3n de la sociedad para mantener a la entidad en condiciones de estabilidad econ\u00f3mica.<\/p>\n<p dir=\"ltr\">Orozco Sandoval a\u00f1adi\u00f3 que el di\u00e1logo y corresponsabilidad entre su administraci\u00f3n y la mesa de seguridad permitir\u00e1 no s\u00f3lo dar cuenta del trabajo realizado d\u00eda, sino ser m\u00e1s objetivos y oportunos en la atenci\u00f3n de los sucesos que ustedes registran en sus distintos \u00e1mbitos de desarrollo y desempe\u00f1o.<\/p>\n<p dir=\"ltr\">El gobernador se\u00f1al\u00f3 que la certeza de que esta din\u00e1mica de cercan\u00eda y comunicaci\u00f3n abierta con el Gobierno del Estado continuar\u00e1 bajo la coordinaci\u00f3n de Martorell Moya, quien cuenta con amplia experiencia encabezando mesas empresariales y en el tratamiento de los temas que m\u00e1s ocupan e interesan a su gremio.<\/p>\n<p dir=\"ltr\">Durante su participaci\u00f3n, la nueva coordinadora de la Mesa de Seguridad y Justicia, Karla Martorell Moya, manifest\u00f3 que durante su gesti\u00f3n seguir\u00e1 sumando al proyecto como empresaria, ciudadana y mujer con la intenci\u00f3n de unir voluntades en beneficio de las y los aguascalentenses.<\/p>\n<p dir=\"ltr\">Por otro lado, luego de poco m\u00e1s de dos a\u00f1os de encabezar la Mesa de Seguridad y Justicia Aguascalientes, Enrique L\u00f3pez V\u00e1zquez present\u00f3 un informe de actividades de su gesti\u00f3n en el que resalt\u00f3 que la entidad ha acortado distancias en indicadores de clase mundial en los delitos de secuestro, extorsi\u00f3n y feminicidio.<\/p>\n<p dir=\"ltr\">Finalmente, el integrante del Grupo de Industriales de Aguascalientes puntualiz\u00f3 que desde el inicio de la mesa de seguridad se propuso trabajar con el objetivo denominado Visi\u00f3n 2022,\u00a0 el cual define que Aguascalientes gozar\u00e1 una seguridad de clase mundial, un compromiso que deja a su relevo.<\/p>\n","protected":false},"excerpt":{"rendered":"<p>#informativoelvalledeaguascalientes #novaradioaguascalientes Enrique L\u00f3pez V\u00e1zquez, integrante del Grupo de Industriales, entrega la coordinaci\u00f3n a la empresaria Karla Martorell Moya El Gobierno del Estado reafirma su compromiso de impulsar el bienestar de los y las aguascalentenses La nueva titular se\u00f1al\u00f3 que dar\u00e1 continuidad a los proyectos emprendidos por su antecesor Coordinaci\u00f3n entre instituciones y prevenci\u00f3n del [&hellip;]<\/p>\n","protected":false},"author":1,"featured_media":14055,"comment_status":"closed","ping_status":"open","sticky":false,"template":"","format":"standard","meta":{"_monsterinsights_skip_tracking":false,"advanced_seo_description":"","jetpack_seo_html_title":"","jetpack_seo_noindex":false,"jetpack_seo_schema_type":"","_jetpack_newsletter_access":"","_jetpack_dont_email_post_to_subs":false,"_jetpack_newsletter_tier_id":0,"_jetpack_memberships_contains_paywalled_content":false,"_jetpack_feature_clip_id":0,"_jetpack_memberships_contains_paid_content":false,"footnotes":"","jetpack_publicize_message":"","jetpack_publicize_feature_enabled":true,"jetpack_social_post_already_shared":true,"jetpack_social_options":{"image_generator_settings":{"template":"highway","default_image_id":0,"font":"","enabled":false},"version":2},"jetpack_post_was_ever_published":false},"categories":[21,4],"tags":[22,395,31],"class_list":["post-14054","post","type-post","status-publish","format-standard","has-post-thumbnail","hentry","category-aguascalientes","category-gobierno-del-estado-aguascalientes","tag-aguascalientes","tag-mesa-de-seguridad-y-justicia","tag-mos"],"jetpack_publicize_connections":[],"jetpack_featured_media_url":"https:\/\/i0.wp.com\/informativoelvalledeaguascalientes.online\/wp-content\/uploads\/2020\/11\/mos_mesa-de-seguridad_26112020.jpg?fit=938%2C625&ssl=1","jetpack-related-posts":[],"jetpack_sharing_enabled":true,"jetpack_likes_enabled":true,"_links":{"self":[{"href":"https:\/\/informativoelvalledeaguascalientes.online\/index.php?rest_route=\/wp\/v2\/posts\/14054","targetHints":{"allow":["GET"]}}],"collection":[{"href":"https:\/\/informativoelvalledeaguascalientes.online\/index.php?rest_route=\/wp\/v2\/posts"}],"about":[{"href":"https:\/\/informativoelvalledeaguascalientes.online\/index.php?rest_route=\/wp\/v2\/types\/post"}],"author":[{"embeddable":true,"href":"https:\/\/informativoelvalledeaguascalientes.online\/index.php?rest_route=\/wp\/v2\/users\/1"}],"replies":[{"embeddable":true,"href":"https:\/\/informativoelvalledeaguascalientes.online\/index.php?rest_route=%2Fwp%2Fv2%2Fcomments&post=14054"}],"version-history":[{"count":1,"href":"https:\/\/informativoelvalledeaguascalientes.online\/index.php?rest_route=\/wp\/v2\/posts\/14054\/revisions"}],"predecessor-version":[{"id":14056,"href":"https:\/\/informativoelvalledeaguascalientes.online\/index.php?rest_route=\/wp\/v2\/posts\/14054\/revisions\/14056"}],"wp:featuredmedia":[{"embeddable":true,"href":"https:\/\/informativoelvalledeaguascalientes.online\/index.php?rest_route=\/wp\/v2\/media\/14055"}],"wp:attachment":[{"href":"https:\/\/informativoelvalledeaguascalientes.online\/index.php?rest_route=%2Fwp%2Fv2%2Fmedia&parent=14054"}],"wp:term":[{"taxonomy":"category","embeddable":true,"href":"https:\/\/informativoelvalledeaguascalientes.online\/index.php?rest_route=%2Fwp%2Fv2%2Fcategories&post=14054"},{"taxonomy":"post_tag","embeddable":true,"href":"https:\/\/informativoelvalledeaguascalientes.online\/index.php?rest_route=%2Fwp%2Fv2%2Ftags&post=14054"}],"curies":[{"name":"wp","href":"https:\/\/api.w.org\/{rel}","templated":true}]}}