{"id":13848,"date":"2020-11-23T23:33:27","date_gmt":"2020-11-24T05:33:27","guid":{"rendered":"https:\/\/informativoelvalledeaguascalientes.online\/?p=13848"},"modified":"2020-11-23T23:33:27","modified_gmt":"2020-11-24T05:33:27","slug":"entrega-gobernador-premio-nacional-de-literatura-joven-salvador-gallardo-davalos","status":"publish","type":"post","link":"https:\/\/informativoelvalledeaguascalientes.online\/?p=13848","title":{"rendered":"ENTREGA GOBERNADOR PREMIO NACIONAL DE LITERATURA JOVEN \u201cSALVADOR GALLARDO D\u00c1VALOS\u201d\u00a0"},"content":{"rendered":"<ul>\n<li dir=\"ltr\">\n<p dir=\"ltr\">El ganador, David Anuar, por su poemario \u201cAlguien hunde mi cabeza\u201d recibe un est\u00edmulo econ\u00f3mico de 40 mil pesos y la publicaci\u00f3n de su obra<\/p>\n<\/li>\n<li dir=\"ltr\">\n<p dir=\"ltr\">Reconoce mandatario el talento del poeta nacido en Canc\u00fan, Quintana Roo, y su contribuci\u00f3n a la literatura del pa\u00eds<\/p>\n<\/li>\n<\/ul>\n<p>&nbsp;<\/p>\n<p dir=\"ltr\">En una celebraci\u00f3n diferente y adaptando las circunstancias para hacer frente a esta pandemia, el gobernador del estado, Mart\u00edn Orozco Sandoval, entreg\u00f3 el XXXVIII Premio Nacional de Literatura Joven \u201cSalvador Gallardo D\u00e1valos\u201d al poeta cancunense David Anuar.<\/p>\n<p dir=\"ltr\">El mandatario estatal, acompa\u00f1ado de la directora del Instituto Cultural de Aguascalientes (ICA), Claudia Santa Ana Zald\u00edvar, convers\u00f3 en su despacho con el escritor ganador, quien adem\u00e1s de la publicaci\u00f3n de su obra \u201cAlguien hunde mi cabeza\u201d, recibir\u00e1 un est\u00edmulo econ\u00f3mico de 40 mil pesos.<\/p>\n<p dir=\"ltr\">Durante la charla, Orozco Sandoval reconoci\u00f3 el trabajo de j\u00f3venes talentos como David Anuar, quien desde las letras han hecho trascender a M\u00e9xico, m\u00e1s all\u00e1 de cualquier frontera imaginable y, en nombre de los aguascalentenses, lo felicit\u00f3 por este nuevo logro en su destacada carrera como artista y creador de historias.<\/p>\n<p dir=\"ltr\">A\u00f1adi\u00f3 que las tecnolog\u00edas digitales nunca podr\u00e1n sustituir la experiencia de tomar un libro entre las manos y reconoci\u00f3 el empuje que tiene el sector de la cultura, en especial el de la literatura, para la difusi\u00f3n de los valores de unidad y solidaridad que distinguen a la tierra de la gente buena.<\/p>\n<p dir=\"ltr\">Por su parte, el poeta nacido en Canc\u00fan, Quintana Roo y radicado en M\u00e9rida, Yucat\u00e1n, coment\u00f3 al gobernador del estado que en su trabajo abord\u00f3 la tem\u00e1tica del dolor que dejan las enfermedades, misma que coincide con los tiempos que se viven a nivel mundial por la pandemia del coronavirus.<\/p>\n<p dir=\"ltr\">A\u00f1adi\u00f3 que el reconocimiento que recibe es un premio para su generaci\u00f3n y para todos los escritores del sur del pa\u00eds, quienes han generado una efervescencia en las letras mexicanas.<\/p>\n<p dir=\"ltr\">En anteriores ocasiones, la ceremonia de premiaci\u00f3n de este galard\u00f3n se celebraba en el marco del arranque de la Feria del Libro de Aguascalientes, que en esta edici\u00f3n 52,\u00a0 por primera vez en su historia, se realiza de manera virtual .<\/p>\n","protected":false},"excerpt":{"rendered":"<p>El ganador, David Anuar, por su poemario \u201cAlguien hunde mi cabeza\u201d recibe un est\u00edmulo econ\u00f3mico de 40 mil pesos y la publicaci\u00f3n de su obra Reconoce mandatario el talento del poeta nacido en Canc\u00fan, Quintana Roo, y su contribuci\u00f3n a la literatura del pa\u00eds &nbsp; En una celebraci\u00f3n diferente y adaptando las circunstancias para hacer [&hellip;]<\/p>\n","protected":false},"author":1,"featured_media":13849,"comment_status":"closed","ping_status":"open","sticky":false,"template":"","format":"standard","meta":{"advanced_seo_description":"","jetpack_seo_html_title":"","jetpack_seo_noindex":false,"_jetpack_memberships_contains_paid_content":false,"footnotes":"","jetpack_publicize_message":"","jetpack_publicize_feature_enabled":true,"jetpack_social_post_already_shared":true,"jetpack_social_options":{"image_generator_settings":{"template":"highway","default_image_id":0,"font":"","enabled":false},"version":2}},"categories":[21,4],"tags":[22,52,31],"class_list":["post-13848","post","type-post","status-publish","format-standard","has-post-thumbnail","hentry","category-aguascalientes","category-gobierno-del-estado-aguascalientes","tag-aguascalientes","tag-ica","tag-mos"],"jetpack_publicize_connections":[],"jetpack_featured_media_url":"https:\/\/i0.wp.com\/informativoelvalledeaguascalientes.online\/wp-content\/uploads\/2020\/11\/mos_ica_20112020.jpg?fit=1068%2C625&ssl=1","jetpack-related-posts":[],"jetpack_sharing_enabled":true,"jetpack_likes_enabled":true,"_links":{"self":[{"href":"https:\/\/informativoelvalledeaguascalientes.online\/index.php?rest_route=\/wp\/v2\/posts\/13848","targetHints":{"allow":["GET"]}}],"collection":[{"href":"https:\/\/informativoelvalledeaguascalientes.online\/index.php?rest_route=\/wp\/v2\/posts"}],"about":[{"href":"https:\/\/informativoelvalledeaguascalientes.online\/index.php?rest_route=\/wp\/v2\/types\/post"}],"author":[{"embeddable":true,"href":"https:\/\/informativoelvalledeaguascalientes.online\/index.php?rest_route=\/wp\/v2\/users\/1"}],"replies":[{"embeddable":true,"href":"https:\/\/informativoelvalledeaguascalientes.online\/index.php?rest_route=%2Fwp%2Fv2%2Fcomments&post=13848"}],"version-history":[{"count":1,"href":"https:\/\/informativoelvalledeaguascalientes.online\/index.php?rest_route=\/wp\/v2\/posts\/13848\/revisions"}],"predecessor-version":[{"id":13850,"href":"https:\/\/informativoelvalledeaguascalientes.online\/index.php?rest_route=\/wp\/v2\/posts\/13848\/revisions\/13850"}],"wp:featuredmedia":[{"embeddable":true,"href":"https:\/\/informativoelvalledeaguascalientes.online\/index.php?rest_route=\/wp\/v2\/media\/13849"}],"wp:attachment":[{"href":"https:\/\/informativoelvalledeaguascalientes.online\/index.php?rest_route=%2Fwp%2Fv2%2Fmedia&parent=13848"}],"wp:term":[{"taxonomy":"category","embeddable":true,"href":"https:\/\/informativoelvalledeaguascalientes.online\/index.php?rest_route=%2Fwp%2Fv2%2Fcategories&post=13848"},{"taxonomy":"post_tag","embeddable":true,"href":"https:\/\/informativoelvalledeaguascalientes.online\/index.php?rest_route=%2Fwp%2Fv2%2Ftags&post=13848"}],"curies":[{"name":"wp","href":"https:\/\/api.w.org\/{rel}","templated":true}]}}