{"id":13658,"date":"2020-11-15T20:35:41","date_gmt":"2020-11-16T02:35:41","guid":{"rendered":"https:\/\/informativoelvalledeaguascalientes.online\/?p=13658"},"modified":"2020-11-15T20:35:41","modified_gmt":"2020-11-16T02:35:41","slug":"yolanda-ramirez-y-martin-orozco-llaman-a-jovenes-a-no-relajar-medidas-sanitarias","status":"publish","type":"post","link":"https:\/\/informativoelvalledeaguascalientes.online\/?p=13658","title":{"rendered":"YOLANDA RAM\u00cdREZ Y MART\u00cdN OROZCO LLAMAN A J\u00d3VENES A NO RELAJAR MEDIDAS SANITARIAS\u00a0"},"content":{"rendered":"<p dir=\"ltr\">A trav\u00e9s de sus redes sociales, el gobernador Mart\u00edn Orozco Sandoval y la presidenta del DIF Estatal, Yolanda Ram\u00edrez hicieron un llamado a la ciudadan\u00eda aguascalentense, especialmente a las y los j\u00f3venes, a ser responsables y emp\u00e1ticos con la situaci\u00f3n por la que atraviesa el estado; por este motivo invitaron a no relajar las medidas y evitar cualquier tipo de reuni\u00f3n o fiesta masiva.<\/p>\n<p>&nbsp;<\/p>\n<p dir=\"ltr\">Yolanda Ram\u00edrez de Orozco se\u00f1al\u00f3 que estamos en un momento clave para salvar vidas, por lo que el apoyo de la sociedad es decisivo para que los contagios se reduzcan y lleguen a los hospitales el menor n\u00famero de personas posible.<\/p>\n<p>&nbsp;<\/p>\n<p dir=\"ltr\">&#8220;Los datos indican que los contagios por COVID-19 vienen principalmente de la convivencia social, las fiestas familiares y las reuniones con amigos, en donde se olvidan moment\u00e1neamente las medidas de precauci\u00f3n como el uso del cubrebocas y con ello nos exponemos al contagio&#8221;, refiri\u00f3.<\/p>\n<p>&nbsp;<\/p>\n<p dir=\"ltr\">La presidenta del DIF conf\u00edo en que, a pesar de que los j\u00f3venes buscan convivir con sus amigos y seres queridos, ser\u00e1n conscientes pensando en sus abuelos, padres o familiares con alguna enfermedad a quienes pudieran exponer al acudir a espacios con multitudes.<\/p>\n<p>&nbsp;<\/p>\n<p dir=\"ltr\">Finalmente, el mandatario coincidi\u00f3 que es un momento crucial para que el virus no se propague m\u00e1s; asimismo, invit\u00f3 a la ciudadan\u00eda a continuar reportando fiestas o reuniones marcando al 911 en donde personal del C-5 SITEC los canalizar\u00e1 a las polic\u00edas municipales para que act\u00faen en consecuencia.<\/p>\n","protected":false},"excerpt":{"rendered":"<p>A trav\u00e9s de sus redes sociales, el gobernador Mart\u00edn Orozco Sandoval y la presidenta del DIF Estatal, Yolanda Ram\u00edrez hicieron un llamado a la ciudadan\u00eda aguascalentense, especialmente a las y los j\u00f3venes, a ser responsables y emp\u00e1ticos con la situaci\u00f3n por la que atraviesa el estado; por este motivo invitaron a no relajar las medidas [&hellip;]<\/p>\n","protected":false},"author":1,"featured_media":13659,"comment_status":"closed","ping_status":"open","sticky":false,"template":"","format":"standard","meta":{"advanced_seo_description":"","jetpack_seo_html_title":"","jetpack_seo_noindex":false,"_jetpack_memberships_contains_paid_content":false,"footnotes":"","jetpack_publicize_message":"","jetpack_publicize_feature_enabled":true,"jetpack_social_post_already_shared":true,"jetpack_social_options":{"image_generator_settings":{"template":"highway","default_image_id":0,"font":"","enabled":false},"version":2}},"categories":[21,4],"tags":[22,65,31,388],"class_list":["post-13658","post","type-post","status-publish","format-standard","has-post-thumbnail","hentry","category-aguascalientes","category-gobierno-del-estado-aguascalientes","tag-aguascalientes","tag-dif-estatal-aguascalientes","tag-mos","tag-yolanda-ramirez-de-orozco"],"jetpack_publicize_connections":[],"jetpack_featured_media_url":"https:\/\/i0.wp.com\/informativoelvalledeaguascalientes.online\/wp-content\/uploads\/2020\/11\/mos_dif_14112020.jpg?fit=1280%2C1228&ssl=1","jetpack-related-posts":[],"jetpack_sharing_enabled":true,"jetpack_likes_enabled":true,"_links":{"self":[{"href":"https:\/\/informativoelvalledeaguascalientes.online\/index.php?rest_route=\/wp\/v2\/posts\/13658","targetHints":{"allow":["GET"]}}],"collection":[{"href":"https:\/\/informativoelvalledeaguascalientes.online\/index.php?rest_route=\/wp\/v2\/posts"}],"about":[{"href":"https:\/\/informativoelvalledeaguascalientes.online\/index.php?rest_route=\/wp\/v2\/types\/post"}],"author":[{"embeddable":true,"href":"https:\/\/informativoelvalledeaguascalientes.online\/index.php?rest_route=\/wp\/v2\/users\/1"}],"replies":[{"embeddable":true,"href":"https:\/\/informativoelvalledeaguascalientes.online\/index.php?rest_route=%2Fwp%2Fv2%2Fcomments&post=13658"}],"version-history":[{"count":1,"href":"https:\/\/informativoelvalledeaguascalientes.online\/index.php?rest_route=\/wp\/v2\/posts\/13658\/revisions"}],"predecessor-version":[{"id":13660,"href":"https:\/\/informativoelvalledeaguascalientes.online\/index.php?rest_route=\/wp\/v2\/posts\/13658\/revisions\/13660"}],"wp:featuredmedia":[{"embeddable":true,"href":"https:\/\/informativoelvalledeaguascalientes.online\/index.php?rest_route=\/wp\/v2\/media\/13659"}],"wp:attachment":[{"href":"https:\/\/informativoelvalledeaguascalientes.online\/index.php?rest_route=%2Fwp%2Fv2%2Fmedia&parent=13658"}],"wp:term":[{"taxonomy":"category","embeddable":true,"href":"https:\/\/informativoelvalledeaguascalientes.online\/index.php?rest_route=%2Fwp%2Fv2%2Fcategories&post=13658"},{"taxonomy":"post_tag","embeddable":true,"href":"https:\/\/informativoelvalledeaguascalientes.online\/index.php?rest_route=%2Fwp%2Fv2%2Ftags&post=13658"}],"curies":[{"name":"wp","href":"https:\/\/api.w.org\/{rel}","templated":true}]}}