{"id":13422,"date":"2020-11-09T08:52:47","date_gmt":"2020-11-09T14:52:47","guid":{"rendered":"https:\/\/informativoelvalledeaguascalientes.online\/?p=13422"},"modified":"2020-11-09T08:52:47","modified_gmt":"2020-11-09T14:52:47","slug":"arranca-el-prd-ags-proceso-de-cara-a-la-eleccion-del-2021","status":"publish","type":"post","link":"https:\/\/informativoelvalledeaguascalientes.online\/?p=13422","title":{"rendered":"Arranca el PRD AGS proceso de cara a la elecci\u00f3n del 2021"},"content":{"rendered":"<ul>\n<li>Reiteran consejeras y consejeros perredistas que se garantizar\u00e1 la paridad de g\u00e9nero en todas las candidaturas.<\/li>\n<\/ul>\n<p>Este domingo mediante una sesi\u00f3n virtual, el Partido de la Revoluci\u00f3n Democr\u00e1tica dio inicio con el proceso interno de cara a la elecci\u00f3n del 2021, con el an\u00e1lisis y aprobaci\u00f3n del M\u00e9todo Electivo y la Pol\u00edtica de Alianzas por parte del Consejo Estatal.<\/p>\n<p>Se acord\u00f3 por unanimidad de las y los consejeros que se impulsar\u00e1 la conformaci\u00f3n de un programa basado en el impulso de la justicia social, el respeto, promoci\u00f3n y ampliaci\u00f3n de las libertades democr\u00e1ticas y los derechos humanos; el combate a la corrupci\u00f3n y a la impunidad.<\/p>\n<p>El acuerdo integra que la Direcci\u00f3n Nacional Ejecutiva ser\u00e1 la encargada de elaborar una estrategia de alianzas pol\u00edticas, con quienes compartan la necesidad de la creaci\u00f3n de un Frente democr\u00e1tico y social para fomentar el avance de la democracia en el pa\u00eds.<\/p>\n<p>El presidente del Consejo Estatal, Oscar Estrada Escobedo, puntualiz\u00f3 que este proceso tiene el gran reto de lograr un cambio contra el gobierno federal autoritario que ha da\u00f1ado ampliamente a la democracia en M\u00e9xico; para lo cual se llam\u00f3 al trabajo coordinado y estrat\u00e9gico para contar con perfiles de amplio conocimiento, aceptabilidad y buen prestigio ante la poblaci\u00f3n, tanto militantes como integrantes de la sociedad civil organizada.<\/p>\n<p>El m\u00e9todo de elecci\u00f3n de las candidatas y los candidatos se llevar\u00e1 a cabo mediante el Consejo Estatal Electivo, encargado de analizar las propuestas, garantiz\u00e1ndose procesos transparentes y apegados a la normatividad interna. \u201cComo ha sido una constante en el PRD, la paridad de g\u00e9nero estar\u00e1 plenamente garantizada conforme a la ley, contando con mujeres capacitadas para representar a la bandera perredista y dar una opci\u00f3n a la ciudadan\u00eda\u201d, subray\u00f3 el consejero presidente.<\/p>\n<p>Para el PRD, la clave del \u00e9xito estar\u00e1 en un esfuerzo conjunto y estrat\u00e9gico que logre la confianza en la ciudadan\u00eda y reconquiste a las personas que se encuentran, ahora, encadenados al clientelismo y al chantaje social del gobierno.<\/p>\n","protected":false},"excerpt":{"rendered":"<p>Reiteran consejeras y consejeros perredistas que se garantizar\u00e1 la paridad de g\u00e9nero en todas las candidaturas. Este domingo mediante una sesi\u00f3n virtual, el Partido de la Revoluci\u00f3n Democr\u00e1tica dio inicio con el proceso interno de cara a la elecci\u00f3n del 2021, con el an\u00e1lisis y aprobaci\u00f3n del M\u00e9todo Electivo y la Pol\u00edtica de Alianzas por [&hellip;]<\/p>\n","protected":false},"author":1,"featured_media":13423,"comment_status":"closed","ping_status":"open","sticky":false,"template":"","format":"standard","meta":{"advanced_seo_description":"","jetpack_seo_html_title":"","jetpack_seo_noindex":false,"_jetpack_memberships_contains_paid_content":false,"footnotes":"","jetpack_publicize_message":"","jetpack_publicize_feature_enabled":true,"jetpack_social_post_already_shared":true,"jetpack_social_options":{"image_generator_settings":{"template":"highway","default_image_id":0,"font":"","enabled":false},"version":2}},"categories":[21,19,6,8],"tags":[22,40],"class_list":["post-13422","post","type-post","status-publish","format-standard","has-post-thumbnail","hentry","category-aguascalientes","category-informacion-general","category-partidos-politicos","category-prd-aguascalientes","tag-aguascalientes","tag-prd-aguascalientes"],"jetpack_publicize_connections":[],"jetpack_featured_media_url":"https:\/\/i0.wp.com\/informativoelvalledeaguascalientes.online\/wp-content\/uploads\/2020\/11\/Consejo-Local-virtual.jpeg?fit=1080%2C652&ssl=1","jetpack-related-posts":[],"jetpack_sharing_enabled":true,"jetpack_likes_enabled":true,"_links":{"self":[{"href":"https:\/\/informativoelvalledeaguascalientes.online\/index.php?rest_route=\/wp\/v2\/posts\/13422","targetHints":{"allow":["GET"]}}],"collection":[{"href":"https:\/\/informativoelvalledeaguascalientes.online\/index.php?rest_route=\/wp\/v2\/posts"}],"about":[{"href":"https:\/\/informativoelvalledeaguascalientes.online\/index.php?rest_route=\/wp\/v2\/types\/post"}],"author":[{"embeddable":true,"href":"https:\/\/informativoelvalledeaguascalientes.online\/index.php?rest_route=\/wp\/v2\/users\/1"}],"replies":[{"embeddable":true,"href":"https:\/\/informativoelvalledeaguascalientes.online\/index.php?rest_route=%2Fwp%2Fv2%2Fcomments&post=13422"}],"version-history":[{"count":1,"href":"https:\/\/informativoelvalledeaguascalientes.online\/index.php?rest_route=\/wp\/v2\/posts\/13422\/revisions"}],"predecessor-version":[{"id":13424,"href":"https:\/\/informativoelvalledeaguascalientes.online\/index.php?rest_route=\/wp\/v2\/posts\/13422\/revisions\/13424"}],"wp:featuredmedia":[{"embeddable":true,"href":"https:\/\/informativoelvalledeaguascalientes.online\/index.php?rest_route=\/wp\/v2\/media\/13423"}],"wp:attachment":[{"href":"https:\/\/informativoelvalledeaguascalientes.online\/index.php?rest_route=%2Fwp%2Fv2%2Fmedia&parent=13422"}],"wp:term":[{"taxonomy":"category","embeddable":true,"href":"https:\/\/informativoelvalledeaguascalientes.online\/index.php?rest_route=%2Fwp%2Fv2%2Fcategories&post=13422"},{"taxonomy":"post_tag","embeddable":true,"href":"https:\/\/informativoelvalledeaguascalientes.online\/index.php?rest_route=%2Fwp%2Fv2%2Ftags&post=13422"}],"curies":[{"name":"wp","href":"https:\/\/api.w.org\/{rel}","templated":true}]}}