{"id":13419,"date":"2020-11-09T08:50:11","date_gmt":"2020-11-09T14:50:11","guid":{"rendered":"https:\/\/informativoelvalledeaguascalientes.online\/?p=13419"},"modified":"2020-11-09T08:50:11","modified_gmt":"2020-11-09T14:50:11","slug":"tras-anos-de-espera-familias-de-la-comunidad-del-carinan-contaran-con-un-servicio-de-agua-regular","status":"publish","type":"post","link":"https:\/\/informativoelvalledeaguascalientes.online\/?p=13419","title":{"rendered":"TRAS A\u00d1OS DE ESPERA, FAMILIAS DE LA COMUNIDAD DEL CARI\u00d1AN CONTAR\u00c1N CON UN SERVICIO DE AGUA REGULAR\u00a0"},"content":{"rendered":"<ul>\n<li dir=\"ltr\">\n<p dir=\"ltr\">Habitantes del Cari\u00f1an tendr\u00e1n un suministro regular a trav\u00e9s de la red hidr\u00e1ulica.<\/p>\n<\/li>\n<li dir=\"ltr\">\n<p dir=\"ltr\">Como un est\u00edmulo se entregaron tinacos, kits de desinfecci\u00f3n de agua y dispositivos ahorradores del vital l\u00edquido<\/p>\n<\/li>\n<\/ul>\n<p>&nbsp;<\/p>\n<p dir=\"ltr\">Gracias a las buena disposici\u00f3n de las familias de la comunidad del Cari\u00f1an, de trabajar para la regularizaci\u00f3n del abasto de agua en esta zona, a trav\u00e9s del Instituto del Agua del Estado, hoy finalmente las personas podr\u00e1n gozar de un servicio digno.<\/p>\n<p>&nbsp;<\/p>\n<p dir=\"ltr\">Ante esto, el gobernador Mart\u00edn Orozco Sandoval apunt\u00f3 que si bien estas acciones son de competencia municipal, era preciso regular la extracci\u00f3n de agua del pozo de la comunidad, para con ello tener un adecuado control h\u00eddrico de la zona.<\/p>\n<p>&nbsp;<\/p>\n<p dir=\"ltr\">Como un est\u00edmulo, el mandatario realiz\u00f3 la entrega de kits a las 70 familias que habitan en la comunidad y que desde hoy tendr\u00e1n suministro de agua a trav\u00e9s de una l\u00ednea de conducci\u00f3n del INAGUA.<\/p>\n<p>&nbsp;<\/p>\n<p dir=\"ltr\">Estos kits constan de un tinaco de mil 100 litros, un dispositivo medidor que permite el ahorro de agua y suministro de cloro para la desinfecci\u00f3n del vital l\u00edquido.<\/p>\n","protected":false},"excerpt":{"rendered":"<p>Habitantes del Cari\u00f1an tendr\u00e1n un suministro regular a trav\u00e9s de la red hidr\u00e1ulica. Como un est\u00edmulo se entregaron tinacos, kits de desinfecci\u00f3n de agua y dispositivos ahorradores del vital l\u00edquido &nbsp; Gracias a las buena disposici\u00f3n de las familias de la comunidad del Cari\u00f1an, de trabajar para la regularizaci\u00f3n del abasto de agua en esta [&hellip;]<\/p>\n","protected":false},"author":1,"featured_media":13420,"comment_status":"closed","ping_status":"open","sticky":false,"template":"","format":"standard","meta":{"advanced_seo_description":"","jetpack_seo_html_title":"","jetpack_seo_noindex":false,"_jetpack_memberships_contains_paid_content":false,"footnotes":"","jetpack_publicize_message":"","jetpack_publicize_feature_enabled":true,"jetpack_social_post_already_shared":true,"jetpack_social_options":{"image_generator_settings":{"template":"highway","default_image_id":0,"font":"","enabled":false},"version":2}},"categories":[21,4],"tags":[22,184,31],"class_list":["post-13419","post","type-post","status-publish","format-standard","has-post-thumbnail","hentry","category-aguascalientes","category-gobierno-del-estado-aguascalientes","tag-aguascalientes","tag-inagua","tag-mos"],"jetpack_publicize_connections":[],"jetpack_featured_media_url":"https:\/\/i0.wp.com\/informativoelvalledeaguascalientes.online\/wp-content\/uploads\/2020\/11\/mos_inagua_08112020.jpg?fit=832%2C625&ssl=1","jetpack-related-posts":[],"jetpack_sharing_enabled":true,"jetpack_likes_enabled":true,"_links":{"self":[{"href":"https:\/\/informativoelvalledeaguascalientes.online\/index.php?rest_route=\/wp\/v2\/posts\/13419","targetHints":{"allow":["GET"]}}],"collection":[{"href":"https:\/\/informativoelvalledeaguascalientes.online\/index.php?rest_route=\/wp\/v2\/posts"}],"about":[{"href":"https:\/\/informativoelvalledeaguascalientes.online\/index.php?rest_route=\/wp\/v2\/types\/post"}],"author":[{"embeddable":true,"href":"https:\/\/informativoelvalledeaguascalientes.online\/index.php?rest_route=\/wp\/v2\/users\/1"}],"replies":[{"embeddable":true,"href":"https:\/\/informativoelvalledeaguascalientes.online\/index.php?rest_route=%2Fwp%2Fv2%2Fcomments&post=13419"}],"version-history":[{"count":1,"href":"https:\/\/informativoelvalledeaguascalientes.online\/index.php?rest_route=\/wp\/v2\/posts\/13419\/revisions"}],"predecessor-version":[{"id":13421,"href":"https:\/\/informativoelvalledeaguascalientes.online\/index.php?rest_route=\/wp\/v2\/posts\/13419\/revisions\/13421"}],"wp:featuredmedia":[{"embeddable":true,"href":"https:\/\/informativoelvalledeaguascalientes.online\/index.php?rest_route=\/wp\/v2\/media\/13420"}],"wp:attachment":[{"href":"https:\/\/informativoelvalledeaguascalientes.online\/index.php?rest_route=%2Fwp%2Fv2%2Fmedia&parent=13419"}],"wp:term":[{"taxonomy":"category","embeddable":true,"href":"https:\/\/informativoelvalledeaguascalientes.online\/index.php?rest_route=%2Fwp%2Fv2%2Fcategories&post=13419"},{"taxonomy":"post_tag","embeddable":true,"href":"https:\/\/informativoelvalledeaguascalientes.online\/index.php?rest_route=%2Fwp%2Fv2%2Ftags&post=13419"}],"curies":[{"name":"wp","href":"https:\/\/api.w.org\/{rel}","templated":true}]}}