{"id":13409,"date":"2020-11-07T18:08:28","date_gmt":"2020-11-08T00:08:28","guid":{"rendered":"https:\/\/informativoelvalledeaguascalientes.online\/?p=13409"},"modified":"2020-11-07T18:08:28","modified_gmt":"2020-11-08T00:08:28","slug":"realizo-municipio-ags-encuentro-de-arte-urbano-para-jovenes","status":"publish","type":"post","link":"https:\/\/informativoelvalledeaguascalientes.online\/?p=13409","title":{"rendered":"REALIZ\u00d3 MUNICIPIO AGS ENCUENTRO DE ARTE URBANO PARA J\u00d3VENES"},"content":{"rendered":"<div class=\"opinion-section opinion-single-cover opinion-indent opinion-overlay\">\n<div class=\"container\">\n<div class=\"section-head row justify-content-center text-center\">\n<div class=\"col-12 col-md-8\"><\/div>\n<\/div>\n<\/div>\n<\/div>\n<div class=\"opinion-section\">\n<div class=\"container\">\n<div class=\"section-content row justify-content-center\">\n<div class=\"col-12 col-lg-8 opinion-order-1\">\n<article class=\"opinion-post opinion-single post-22372 post type-post status-publish format-standard has-post-thumbnail hentry category-imjuva tag-enchulame-el-centro tag-imjuva\">\n<div class=\"entry-content\">\n<p>El Instituto Municipal de la Juventud de Aguascalientes\u00a0 (IMJUVA) llev\u00f3 a cabo el encuentro de arte urbano \u201cEnch\u00falame el Centro\u201d, en el que j\u00f3venes pusieron de manifiesto su talento pintando murales en el Centro Interactivo Juvenil\u00a0 Insurgentes.<\/p>\n<p><strong>Noemi Herrada Campos,\u00a0<\/strong>titular del IMJUVA, detall\u00f3 que la dependencia proporcion\u00f3 los materiales necesarios y agradeci\u00f3 a quienes participaron en esta din\u00e1mica de manera individual o en equipo, en la que representaron sus ideas y emociones y en donde se cont\u00f3 con la colaboraci\u00f3n de invitados especiales y artistas locales.<\/p>\n<p>Inform\u00f3 que respetando las medidas de sanidad por la pandemia del COVID-19 y dentro de la nueva normalidad, se brindan espacios de expresi\u00f3n e interacci\u00f3n a este importante sector.<\/p>\n<p>Hizo un llamado a los j\u00f3venes a mantenerse pendientes de las redes sociales para conocer las actividades, convocatorias y servicios que el IMJUVA tiene para ellos.<\/p>\n<\/div>\n<\/article>\n<\/div>\n<\/div>\n<\/div>\n<\/div>\n","protected":false},"excerpt":{"rendered":"<p>El Instituto Municipal de la Juventud de Aguascalientes\u00a0 (IMJUVA) llev\u00f3 a cabo el encuentro de arte urbano \u201cEnch\u00falame el Centro\u201d, en el que j\u00f3venes pusieron de manifiesto su talento pintando murales en el Centro Interactivo Juvenil\u00a0 Insurgentes. Noemi Herrada Campos,\u00a0titular del IMJUVA, detall\u00f3 que la dependencia proporcion\u00f3 los materiales necesarios y agradeci\u00f3 a quienes participaron [&hellip;]<\/p>\n","protected":false},"author":1,"featured_media":13410,"comment_status":"closed","ping_status":"open","sticky":false,"template":"","format":"standard","meta":{"advanced_seo_description":"","jetpack_seo_html_title":"","jetpack_seo_noindex":false,"_jetpack_memberships_contains_paid_content":false,"footnotes":"","jetpack_publicize_message":"","jetpack_publicize_feature_enabled":true,"jetpack_social_post_already_shared":true,"jetpack_social_options":{"image_generator_settings":{"template":"highway","default_image_id":0,"font":"","enabled":false},"version":2}},"categories":[21,3],"tags":[22,134],"class_list":["post-13409","post","type-post","status-publish","format-standard","has-post-thumbnail","hentry","category-aguascalientes","category-municipio-aguascalientes","tag-aguascalientes","tag-mpio-aguascalientes-imjuva"],"jetpack_publicize_connections":[],"jetpack_featured_media_url":"https:\/\/i0.wp.com\/informativoelvalledeaguascalientes.online\/wp-content\/uploads\/2020\/11\/mpio_ags_jovenes_07112020.jpg?fit=2560%2C1831&ssl=1","jetpack-related-posts":[],"jetpack_sharing_enabled":true,"jetpack_likes_enabled":true,"_links":{"self":[{"href":"https:\/\/informativoelvalledeaguascalientes.online\/index.php?rest_route=\/wp\/v2\/posts\/13409","targetHints":{"allow":["GET"]}}],"collection":[{"href":"https:\/\/informativoelvalledeaguascalientes.online\/index.php?rest_route=\/wp\/v2\/posts"}],"about":[{"href":"https:\/\/informativoelvalledeaguascalientes.online\/index.php?rest_route=\/wp\/v2\/types\/post"}],"author":[{"embeddable":true,"href":"https:\/\/informativoelvalledeaguascalientes.online\/index.php?rest_route=\/wp\/v2\/users\/1"}],"replies":[{"embeddable":true,"href":"https:\/\/informativoelvalledeaguascalientes.online\/index.php?rest_route=%2Fwp%2Fv2%2Fcomments&post=13409"}],"version-history":[{"count":1,"href":"https:\/\/informativoelvalledeaguascalientes.online\/index.php?rest_route=\/wp\/v2\/posts\/13409\/revisions"}],"predecessor-version":[{"id":13411,"href":"https:\/\/informativoelvalledeaguascalientes.online\/index.php?rest_route=\/wp\/v2\/posts\/13409\/revisions\/13411"}],"wp:featuredmedia":[{"embeddable":true,"href":"https:\/\/informativoelvalledeaguascalientes.online\/index.php?rest_route=\/wp\/v2\/media\/13410"}],"wp:attachment":[{"href":"https:\/\/informativoelvalledeaguascalientes.online\/index.php?rest_route=%2Fwp%2Fv2%2Fmedia&parent=13409"}],"wp:term":[{"taxonomy":"category","embeddable":true,"href":"https:\/\/informativoelvalledeaguascalientes.online\/index.php?rest_route=%2Fwp%2Fv2%2Fcategories&post=13409"},{"taxonomy":"post_tag","embeddable":true,"href":"https:\/\/informativoelvalledeaguascalientes.online\/index.php?rest_route=%2Fwp%2Fv2%2Ftags&post=13409"}],"curies":[{"name":"wp","href":"https:\/\/api.w.org\/{rel}","templated":true}]}}