{"id":13400,"date":"2020-11-07T17:59:36","date_gmt":"2020-11-07T23:59:36","guid":{"rendered":"https:\/\/informativoelvalledeaguascalientes.online\/?p=13400"},"modified":"2020-11-07T17:59:36","modified_gmt":"2020-11-07T23:59:36","slug":"imss-y-gobierno-de-aguascalientes-trabajan-para-reforzar-capacidad-hospitalaria-y-personal-de-salud-que-atienda-la-pandemia","status":"publish","type":"post","link":"https:\/\/informativoelvalledeaguascalientes.online\/?p=13400","title":{"rendered":"IMSS y Gobierno de Aguascalientes trabajan para reforzar capacidad hospitalaria y personal de salud que atienda la pandemia"},"content":{"rendered":"<ul>\n<li dir=\"ltr\">\n<p dir=\"ltr\">Anuncia gobernador Mart\u00edn Orozco acuerdos con autoridades federales para robustecer la capacidad hospitalaria para la atenci\u00f3n a pacientes con SARS-CoV-2<\/p>\n<\/li>\n<li dir=\"ltr\">\n<p dir=\"ltr\">El director general del Seguro Social, Zo\u00e9 Robledo, indic\u00f3 que la intenci\u00f3n es sumar 111 camas a las 328 ya destinadas para la atenci\u00f3n de pacientes COVID-19.<\/p>\n<\/li>\n<\/ul>\n<p>&nbsp;<\/p>\n<p dir=\"ltr\">El gobierno de Aguascalientes, el Instituto Mexicano del Seguro Social (IMSS) y el Instituto de Salud para el Bienestar (INSABI) anunciaron acciones coordinadas para ampliar la capacidad hospitalaria y el personal de salud a fin de atender la emergencia sanitaria de COVID-19 en esta entidad.<\/p>\n<p>&nbsp;<\/p>\n<p dir=\"ltr\">En conferencia de prensa el gobernador Mart\u00edn Orozco Sandoval, y el director general del IMSS, Maestro Zo\u00e9 Robledo, anunciaron junto con el INSABI que dirige el maestro Juan Antonio Ferrer, que se lleva a cabo una estrategia para garantizar la disponibilidad de camas hospitalarias que permitan atender a pacientes con esta enfermedad.<\/p>\n<p>&nbsp;<\/p>\n<p dir=\"ltr\">El mandatario estatal y el titular del Seguro Social hicieron un llamado a la poblaci\u00f3n a participar con las autoridades sanitarias a fin de reforzar las acciones para cortar las cadenas de contagio.<\/p>\n<p>&nbsp;<\/p>\n<p dir=\"ltr\">En su oportunidad, Zo\u00e9 Robledo destac\u00f3 que desde el inicio de la emergencia sanitaria las instituciones de salud del Gobierno Federal y Estatal trabajan de manera conjunta; el aumento de casos de la enfermedad que se han registrado en los \u00faltimos d\u00edas \u201cnos tiene en una situaci\u00f3n en donde tenemos que actuar juntos y actuar r\u00e1pido\u201d.<\/p>\n<p>&nbsp;<\/p>\n<p dir=\"ltr\">El titular del Seguro Social indic\u00f3 que la estrategia de la reconversi\u00f3n hospitalaria tiene por objetivo cumplir la instrucci\u00f3n del presidente Andr\u00e9s Manuel L\u00f3pez Obrador desde el d\u00eda uno de la pandemia, \u201cque nadie en M\u00e9xico se quede sin una cama o sin atenci\u00f3n hospitalaria en caso de ser necesaria\u201d.<\/p>\n<p>&nbsp;<\/p>\n<p dir=\"ltr\">Destac\u00f3 que la estrategia de reconversi\u00f3n hospitalaria en el Seguro Social plantea un incremento de 111 camas a las 328 ya habilitadas para COVID-19, para lo cual se comenzar\u00e1 con 70 camas y el crecimiento de la plantilla del personal de salud.<\/p>\n<p>&nbsp;<\/p>\n<p dir=\"ltr\">Detall\u00f3 que en el Hospital General de Zona (HGZ) No. 1, exclusivo para la atenci\u00f3n de COVID-19 se est\u00e1 \u201cplanteando un crecimiento de 70 camas en \u00e1reas nuevas con la colaboraci\u00f3n del INSABI en la parte del equipo y de otras camas que estamos trayendo, en particular de San Luis Potos\u00ed\u201d.<\/p>\n<p>&nbsp;<\/p>\n<p dir=\"ltr\">El director general del IMSS a\u00f1adi\u00f3 que en el Hospital General de Zona (HGZ) No. 2 que se hab\u00eda utilizado \u201cpara otros padecimientos que no se dejaron de atender, tenemos que hacer una incorporaci\u00f3n para pasar de 71 camas a 96, y en Jes\u00fas Mar\u00eda estaremos pasando de 50 camas a 76, con 26 camas m\u00e1s\u201d.<\/p>\n<p>&nbsp;<\/p>\n<p dir=\"ltr\">En otro orden de ideas, Zo\u00e9 Robledo se\u00f1al\u00f3 que para estos nuevos espacios se buscar\u00e1 reforzar la plantilla de personal de salud, en particular de l\u00edderes de los equipos COVID, para lo cual se trabaja de la mano con el Sindicato Nacional de Trabajadores del Seguro Social y la apertura de 140 lugares de contrataci\u00f3n en bolsa de trabajo, adem\u00e1s de 90 plazas temporales.<\/p>\n<p>&nbsp;<\/p>\n<p dir=\"ltr\">El titular del IMSS hizo un llamado solidario a la poblaci\u00f3n, pues se ha evitado la saturaci\u00f3n hospitalaria, \u201cpero en esto tenemos que colaborar todos, no es nada m\u00e1s un tema de las instituciones de salud, es tambi\u00e9n de la propia poblaci\u00f3n\u201d que debe tener conciencia de que \u201cestamos viviendo una pandemia, no es una situaci\u00f3n regular, ni ha terminado tampoco\u201d.<\/p>\n<p>&nbsp;<\/p>\n<p dir=\"ltr\">En su oportunidad, el gobernador Mart\u00edn Orozco Sandoval indic\u00f3 que en el tema de salud no debe haber diferencias porque el bienestar de las y los mexicanos es una prioridad, por ello, el gobierno de Aguascalientes y las instituciones de salud federales trabajan como un solo equipo y en total coordinaci\u00f3n; as\u00ed lo asegur\u00f3 el gobernador Mart\u00edn Orozco Sandoval al recibir en la entidad al director del IMSS, Zo\u00e9 Robledo y al titular del INSABI, Juan Antonio Ferrer.<\/p>\n<p>&nbsp;<\/p>\n<p dir=\"ltr\">El mandatario estatal anunci\u00f3 que luego de un di\u00e1logo efectivo con las autoridades de salud, se lleg\u00f3 a acuerdos importantes en las acciones para combatir al COVID-19, tales como la reconversi\u00f3n de camas en hospitales del IMSS y el Centenario Hospital Miguel Hidalgo, as\u00ed como el incremento de personal de salud en nosocomios que atienden esta enfermedad y que as\u00ed lo requieran.<\/p>\n<p>&nbsp;<\/p>\n<p dir=\"ltr\">En rueda de prensa virtual, el mandatario resalt\u00f3 los esfuerzos emprendidos por el gobierno estatal desde el inicio de la pandemia en el tema de prevenci\u00f3n y la toma de decisiones para disminuir la movilidad social, acciones que tienen el objetivo de evitar la propagaci\u00f3n del COVID-19 y la atenci\u00f3n m\u00e9dica oportuna.<\/p>\n<p>&nbsp;<\/p>\n<p dir=\"ltr\">Destac\u00f3 la creaci\u00f3n de la l\u00ednea COVID en la que se ha atendido a m\u00e1s de 27 mil ciudadanos, m\u00e1s de 5 mil inspecciones a negocios por parte de la Guardia Sanitaria, la sanitizaci\u00f3n de calles y espacios p\u00fablicos, adem\u00e1s de la atenci\u00f3n psicol\u00f3gica a 700 pacientes que han reportado s\u00edntomas de ansiedad o alg\u00fan tipo de problema relacionado con la pandemia y el confinamiento.<\/p>\n<p>&nbsp;<\/p>\n<p dir=\"ltr\">Por \u00faltimo, inform\u00f3 que otro de los temas que se abordaron durante la visita de los titulares del IMSS e INSABI, fue la creaci\u00f3n de un nuevo hospital general de zona del Seguro Social en el municipio de Pabell\u00f3n para dar servicio a la poblaci\u00f3n del norte de Aguascalientes.<\/p>\n<p>&nbsp;<\/p>\n<p dir=\"ltr\">En la conferencia de prensa se cont\u00f3 con la presencia del General de Brigada de Estado Mayor, Juan Torres Torres, Jefe de Estado de la XIV Zona Militar;\u00a0 el secretario de Salud, Miguel \u00c1ngel Piza Jim\u00e9nez y Mar\u00eda Eugenia Velasco,\u00a0 directora del \u00e1rea de prevenci\u00f3n y control de enfermedades del ISSEA.<\/p>\n","protected":false},"excerpt":{"rendered":"<p>Anuncia gobernador Mart\u00edn Orozco acuerdos con autoridades federales para robustecer la capacidad hospitalaria para la atenci\u00f3n a pacientes con SARS-CoV-2 El director general del Seguro Social, Zo\u00e9 Robledo, indic\u00f3 que la intenci\u00f3n es sumar 111 camas a las 328 ya destinadas para la atenci\u00f3n de pacientes COVID-19. &nbsp; El gobierno de Aguascalientes, el Instituto Mexicano [&hellip;]<\/p>\n","protected":false},"author":1,"featured_media":13401,"comment_status":"closed","ping_status":"open","sticky":false,"template":"","format":"standard","meta":{"advanced_seo_description":"","jetpack_seo_html_title":"","jetpack_seo_noindex":false,"_jetpack_memberships_contains_paid_content":false,"footnotes":"","jetpack_publicize_message":"","jetpack_publicize_feature_enabled":true,"jetpack_social_post_already_shared":true,"jetpack_social_options":{"image_generator_settings":{"template":"highway","default_image_id":0,"font":"","enabled":false},"version":2}},"categories":[21,4],"tags":[22,202,147,31],"class_list":["post-13400","post","type-post","status-publish","format-standard","has-post-thumbnail","hentry","category-aguascalientes","category-gobierno-del-estado-aguascalientes","tag-aguascalientes","tag-imss","tag-insabi","tag-mos"],"jetpack_publicize_connections":[],"jetpack_featured_media_url":"https:\/\/i0.wp.com\/informativoelvalledeaguascalientes.online\/wp-content\/uploads\/2020\/11\/mos_imss_insabi_07112020.jpg?fit=955%2C625&ssl=1","jetpack-related-posts":[],"jetpack_sharing_enabled":true,"jetpack_likes_enabled":true,"_links":{"self":[{"href":"https:\/\/informativoelvalledeaguascalientes.online\/index.php?rest_route=\/wp\/v2\/posts\/13400","targetHints":{"allow":["GET"]}}],"collection":[{"href":"https:\/\/informativoelvalledeaguascalientes.online\/index.php?rest_route=\/wp\/v2\/posts"}],"about":[{"href":"https:\/\/informativoelvalledeaguascalientes.online\/index.php?rest_route=\/wp\/v2\/types\/post"}],"author":[{"embeddable":true,"href":"https:\/\/informativoelvalledeaguascalientes.online\/index.php?rest_route=\/wp\/v2\/users\/1"}],"replies":[{"embeddable":true,"href":"https:\/\/informativoelvalledeaguascalientes.online\/index.php?rest_route=%2Fwp%2Fv2%2Fcomments&post=13400"}],"version-history":[{"count":1,"href":"https:\/\/informativoelvalledeaguascalientes.online\/index.php?rest_route=\/wp\/v2\/posts\/13400\/revisions"}],"predecessor-version":[{"id":13402,"href":"https:\/\/informativoelvalledeaguascalientes.online\/index.php?rest_route=\/wp\/v2\/posts\/13400\/revisions\/13402"}],"wp:featuredmedia":[{"embeddable":true,"href":"https:\/\/informativoelvalledeaguascalientes.online\/index.php?rest_route=\/wp\/v2\/media\/13401"}],"wp:attachment":[{"href":"https:\/\/informativoelvalledeaguascalientes.online\/index.php?rest_route=%2Fwp%2Fv2%2Fmedia&parent=13400"}],"wp:term":[{"taxonomy":"category","embeddable":true,"href":"https:\/\/informativoelvalledeaguascalientes.online\/index.php?rest_route=%2Fwp%2Fv2%2Fcategories&post=13400"},{"taxonomy":"post_tag","embeddable":true,"href":"https:\/\/informativoelvalledeaguascalientes.online\/index.php?rest_route=%2Fwp%2Fv2%2Ftags&post=13400"}],"curies":[{"name":"wp","href":"https:\/\/api.w.org\/{rel}","templated":true}]}}