{"id":13345,"date":"2020-11-05T21:04:48","date_gmt":"2020-11-06T03:04:48","guid":{"rendered":"https:\/\/informativoelvalledeaguascalientes.online\/?p=13345"},"modified":"2020-11-05T21:04:48","modified_gmt":"2020-11-06T03:04:48","slug":"municipio-presenta-libro-mitos-y-leyendas-de-aguascalientes-un-recorrido-por-el-panteon-de-la-cruz","status":"publish","type":"post","link":"https:\/\/informativoelvalledeaguascalientes.online\/?p=13345","title":{"rendered":"MUNICIPIO PRESENTA LIBRO\u00a0\u201cMITOS Y LEYENDAS DE AGUASCALIENTES, UN RECORRIDO POR EL PANTE\u00d3N DE LA CRUZ\u201d"},"content":{"rendered":"<div class=\"opinion-section opinion-single-cover opinion-indent opinion-overlay\">\n<div class=\"container\">\n<div class=\"section-head row justify-content-center text-center\">\n<div class=\"col-12 col-md-8\"><\/div>\n<\/div>\n<\/div>\n<\/div>\n<div class=\"opinion-section\">\n<div class=\"container\">\n<div class=\"section-content row justify-content-center\">\n<div class=\"col-12 col-lg-8 opinion-order-1\">\n<article class=\"opinion-post opinion-single post-22421 post type-post status-publish format-standard has-post-thumbnail hentry category-servicios-publicos tag-libro-mitos-y-leyendas-2020 tag-un-recorrido-por-el-panteon-de-la-cruz\">\n<div class=\"entry-content\">\n<p>En un hecho sin precedentes, el Municipio de Aguascalientes present\u00f3 la primera edici\u00f3n del libro \u201cMitos y leyendas de Aguascalientes, un recorrido por el Pante\u00f3n de la Cruz\u201d, importante acervo literario, hist\u00f3rico y cultural que fue editado por la Presidencia Municipal a trav\u00e9s de la Secretar\u00eda de Servicios P\u00fablicos (SSP) y el Instituto Municipal Aguascalentense para la Cultura (IMAC).<\/p>\n<p>El libro consta de 8 cap\u00edtulos distribuidos en 61 p\u00e1ginas: Entre cruces y flores; La muerte de visita por todo el mundo; Camino de Tumbas; Nacimiento, evoluci\u00f3n y trascendencia esc\u00e9nica de Mitos y Leyendas; Las voces de Mitos y Leyendas; Caminando de la mano del director, Dentro de la oscuridad: el miedo y Memoria fotogr\u00e1fica; de los autores\u00a0<b>Sigfrido Alvarado Gonz\u00e1lez, Joaqu\u00edn Ch\u00e1vez P\u00e9rez, Giovani Guerrero Ramos e Isabel Rosales Ch\u00e1vez,\u00a0<\/b>quienes en la presentaci\u00f3n compartieron la rese\u00f1a del libro y recibieron un reconocimiento por su dedicaci\u00f3n para este proyecto.<\/p>\n<p>Con la presentaci\u00f3n del libro que se transmiti\u00f3 a trav\u00e9s de las redes sociales, el Municipio cerr\u00f3 la conmemoraci\u00f3n del D\u00eda de Muertos, luego de que este a\u00f1o y debido a la pandemia, se decidiera hacer de manera digital el programa de recorridos de Mitos y Leyendas, mismo que registr\u00f3 un alcance de m\u00e1s de 70 mil espectadores a trav\u00e9s de las redes sociales.<\/p>\n<p><strong>Miriam Rodr\u00edguez Tiscare\u00f1o<\/strong>\u00a0titular de la SSP,\u00a0 se\u00f1al\u00f3 que con este libro se deja una importante fuente de informaci\u00f3n que trascender\u00e1 generaciones, dando a conocer el gran trabajo que a lo largo de los a\u00f1os ha realizado la Direcci\u00f3n de Panteones del Municipio capital, para preservar nuestra cultura.<\/p>\n<p><strong>J<\/strong><strong>edsabel S\u00e1nchez Montes<\/strong>, directora del IMAC, agradeci\u00f3 y reconoci\u00f3 a todo el equipo editorial del IMAC que particip\u00f3 en la realizaci\u00f3n de los ejemplares e invit\u00f3 a la ciudadan\u00eda a disfrutar de la literatura.<\/p>\n<p>Cabe mencionar que la ilustraci\u00f3n del libro se realiz\u00f3 con 112 fotograf\u00edas producidas por\u00a0<strong>Viridiana Mart\u00ednez P\u00e9rez<\/strong>,<strong>\u00a0Jorge Guti\u00e9rrez Casillas<\/strong>,<strong>\u00a0C\u00e9sar Omar Rangel Cardoza\u00a0<\/strong>y\u00a0<strong>Enrique Ram\u00edrez Campos.<\/strong><\/p>\n<\/div>\n<\/article>\n<\/div>\n<\/div>\n<\/div>\n<\/div>\n","protected":false},"excerpt":{"rendered":"<p>En un hecho sin precedentes, el Municipio de Aguascalientes present\u00f3 la primera edici\u00f3n del libro \u201cMitos y leyendas de Aguascalientes, un recorrido por el Pante\u00f3n de la Cruz\u201d, importante acervo literario, hist\u00f3rico y cultural que fue editado por la Presidencia Municipal a trav\u00e9s de la Secretar\u00eda de Servicios P\u00fablicos (SSP) y el Instituto Municipal Aguascalentense [&hellip;]<\/p>\n","protected":false},"author":1,"featured_media":13346,"comment_status":"closed","ping_status":"open","sticky":false,"template":"","format":"standard","meta":{"advanced_seo_description":"","jetpack_seo_html_title":"","jetpack_seo_noindex":false,"_jetpack_memberships_contains_paid_content":false,"footnotes":"","jetpack_publicize_message":"","jetpack_publicize_feature_enabled":true,"jetpack_social_post_already_shared":true,"jetpack_social_options":{"image_generator_settings":{"template":"highway","default_image_id":0,"font":"","enabled":false},"version":2}},"categories":[21,3],"tags":[22,25],"class_list":["post-13345","post","type-post","status-publish","format-standard","has-post-thumbnail","hentry","category-aguascalientes","category-municipio-aguascalientes","tag-aguascalientes","tag-mpio-aguascalientes"],"jetpack_publicize_connections":[],"jetpack_featured_media_url":"https:\/\/i0.wp.com\/informativoelvalledeaguascalientes.online\/wp-content\/uploads\/2020\/11\/mpio_ags_serv_pcos_05112020.jpeg?fit=1280%2C853&ssl=1","jetpack-related-posts":[],"jetpack_sharing_enabled":true,"jetpack_likes_enabled":true,"_links":{"self":[{"href":"https:\/\/informativoelvalledeaguascalientes.online\/index.php?rest_route=\/wp\/v2\/posts\/13345","targetHints":{"allow":["GET"]}}],"collection":[{"href":"https:\/\/informativoelvalledeaguascalientes.online\/index.php?rest_route=\/wp\/v2\/posts"}],"about":[{"href":"https:\/\/informativoelvalledeaguascalientes.online\/index.php?rest_route=\/wp\/v2\/types\/post"}],"author":[{"embeddable":true,"href":"https:\/\/informativoelvalledeaguascalientes.online\/index.php?rest_route=\/wp\/v2\/users\/1"}],"replies":[{"embeddable":true,"href":"https:\/\/informativoelvalledeaguascalientes.online\/index.php?rest_route=%2Fwp%2Fv2%2Fcomments&post=13345"}],"version-history":[{"count":1,"href":"https:\/\/informativoelvalledeaguascalientes.online\/index.php?rest_route=\/wp\/v2\/posts\/13345\/revisions"}],"predecessor-version":[{"id":13347,"href":"https:\/\/informativoelvalledeaguascalientes.online\/index.php?rest_route=\/wp\/v2\/posts\/13345\/revisions\/13347"}],"wp:featuredmedia":[{"embeddable":true,"href":"https:\/\/informativoelvalledeaguascalientes.online\/index.php?rest_route=\/wp\/v2\/media\/13346"}],"wp:attachment":[{"href":"https:\/\/informativoelvalledeaguascalientes.online\/index.php?rest_route=%2Fwp%2Fv2%2Fmedia&parent=13345"}],"wp:term":[{"taxonomy":"category","embeddable":true,"href":"https:\/\/informativoelvalledeaguascalientes.online\/index.php?rest_route=%2Fwp%2Fv2%2Fcategories&post=13345"},{"taxonomy":"post_tag","embeddable":true,"href":"https:\/\/informativoelvalledeaguascalientes.online\/index.php?rest_route=%2Fwp%2Fv2%2Ftags&post=13345"}],"curies":[{"name":"wp","href":"https:\/\/api.w.org\/{rel}","templated":true}]}}