{"id":13330,"date":"2020-11-05T19:44:58","date_gmt":"2020-11-06T01:44:58","guid":{"rendered":"https:\/\/informativoelvalledeaguascalientes.online\/?p=13330"},"modified":"2020-11-05T19:44:58","modified_gmt":"2020-11-06T01:44:58","slug":"se-solidariza-sector-de-bares-y-antros-con-medidas-derivadas-del-indicador-estatal-covid","status":"publish","type":"post","link":"https:\/\/informativoelvalledeaguascalientes.online\/?p=13330","title":{"rendered":"SE SOLIDARIZA SECTOR DE BARES Y ANTROS CON MEDIDAS DERIVADAS DEL INDICADOR ESTATAL COVID"},"content":{"rendered":"<ul>\n<li style=\"font-weight: 400;\"><strong><em>Autoridades y representantes del gremio dialogan sobre propuestas para no afectar sus ingresos ni la salud de clientes y empleados<\/em><\/strong><\/li>\n<li style=\"font-weight: 400;\"><strong><em>En dos semanas evaluar\u00e1n los indicadores de las mediciones m\u00e9dicas de la pandemia con base en la disminuci\u00f3n de la movilidad social<\/em><\/strong><\/li>\n<\/ul>\n<p style=\"font-weight: 400;\"><strong><em>\u00a0<\/em><\/strong><\/p>\n<p style=\"font-weight: 400;\">Durante una reuni\u00f3n presidida por el secretario general de Gobierno, Juan Manuel Flores Femat, con un grupo de representantes del sector empresarial de bares,\u00a0 antros y salones de fiestas de la ciudad de Aguascalientes, fueron escuchadas y atendida sus inquietudes, a la par que mostraron su solidaridad con las medidas preventivas derivadas del Indicador Estatal COVID (IEC) por lo que colaborar\u00e1n con las autoridades de acuerdo al comportamiento de la pandemia.<\/p>\n<p style=\"font-weight: 400;\">\n<p style=\"font-weight: 400;\">Acompa\u00f1ado del subsecretario de Gobierno, Manuel Cortina, el funcionario estatal resalt\u00f3 que de manera conjunta con las autoridades sanitarias y un grupo de m\u00e9dicos especialistas, en dos semanas se evaluar\u00e1n los indicadores que arrojen las mediciones con base en la disminuci\u00f3n de la movilidad social, para determinar el fortalecimiento o la reducci\u00f3n moderada de las medidas para evitar contagios.<\/p>\n<p style=\"font-weight: 400;\">\n<p style=\"font-weight: 400;\">Flores Femat refiri\u00f3 que lo que se busca es mantener un equilibrio necesario para cuidar la salud, evitar la saturaci\u00f3n de hospitales y el agotamiento del personal m\u00e9dico, sin descuidar el aspecto econ\u00f3mico, por lo que acordaron seguir las medidas establecidas para la reducci\u00f3n en el horario en el consumo y venta de bebidas alcoh\u00f3licas, y el cierre de sus establecimientos a las 22:00 horas, lo que puede contribuir a una significativa disminuci\u00f3n de contagios que permitan transitar hacia el grado 1 del IEC, es decir, un riesgo leve.<\/p>\n<p style=\"font-weight: 400;\">\n<p style=\"font-weight: 400;\">Los empresarios del giro nocturno y entretenimiento dialogaron con las autoridades sobre algunas propuestas que ser\u00e1n revisadas en conjunto con el Ayuntamiento de Aguascalientes por ser de competencia municipal.<\/p>\n","protected":false},"excerpt":{"rendered":"<p>Autoridades y representantes del gremio dialogan sobre propuestas para no afectar sus ingresos ni la salud de clientes y empleados En dos semanas evaluar\u00e1n los indicadores de las mediciones m\u00e9dicas de la pandemia con base en la disminuci\u00f3n de la movilidad social \u00a0 Durante una reuni\u00f3n presidida por el secretario general de Gobierno, Juan Manuel [&hellip;]<\/p>\n","protected":false},"author":1,"featured_media":13331,"comment_status":"closed","ping_status":"open","sticky":false,"template":"","format":"standard","meta":{"advanced_seo_description":"","jetpack_seo_html_title":"","jetpack_seo_noindex":false,"_jetpack_memberships_contains_paid_content":false,"footnotes":"","jetpack_publicize_message":"","jetpack_publicize_feature_enabled":true,"jetpack_social_post_already_shared":true,"jetpack_social_options":{"image_generator_settings":{"template":"highway","default_image_id":0,"font":"","enabled":false},"version":2}},"categories":[21,4],"tags":[22,51],"class_list":["post-13330","post","type-post","status-publish","format-standard","has-post-thumbnail","hentry","category-aguascalientes","category-gobierno-del-estado-aguascalientes","tag-aguascalientes","tag-seggob"],"jetpack_publicize_connections":[],"jetpack_featured_media_url":"https:\/\/i0.wp.com\/informativoelvalledeaguascalientes.online\/wp-content\/uploads\/2020\/11\/seggob_05112020.jpg?fit=944%2C568&ssl=1","jetpack-related-posts":[],"jetpack_sharing_enabled":true,"jetpack_likes_enabled":true,"_links":{"self":[{"href":"https:\/\/informativoelvalledeaguascalientes.online\/index.php?rest_route=\/wp\/v2\/posts\/13330","targetHints":{"allow":["GET"]}}],"collection":[{"href":"https:\/\/informativoelvalledeaguascalientes.online\/index.php?rest_route=\/wp\/v2\/posts"}],"about":[{"href":"https:\/\/informativoelvalledeaguascalientes.online\/index.php?rest_route=\/wp\/v2\/types\/post"}],"author":[{"embeddable":true,"href":"https:\/\/informativoelvalledeaguascalientes.online\/index.php?rest_route=\/wp\/v2\/users\/1"}],"replies":[{"embeddable":true,"href":"https:\/\/informativoelvalledeaguascalientes.online\/index.php?rest_route=%2Fwp%2Fv2%2Fcomments&post=13330"}],"version-history":[{"count":1,"href":"https:\/\/informativoelvalledeaguascalientes.online\/index.php?rest_route=\/wp\/v2\/posts\/13330\/revisions"}],"predecessor-version":[{"id":13332,"href":"https:\/\/informativoelvalledeaguascalientes.online\/index.php?rest_route=\/wp\/v2\/posts\/13330\/revisions\/13332"}],"wp:featuredmedia":[{"embeddable":true,"href":"https:\/\/informativoelvalledeaguascalientes.online\/index.php?rest_route=\/wp\/v2\/media\/13331"}],"wp:attachment":[{"href":"https:\/\/informativoelvalledeaguascalientes.online\/index.php?rest_route=%2Fwp%2Fv2%2Fmedia&parent=13330"}],"wp:term":[{"taxonomy":"category","embeddable":true,"href":"https:\/\/informativoelvalledeaguascalientes.online\/index.php?rest_route=%2Fwp%2Fv2%2Fcategories&post=13330"},{"taxonomy":"post_tag","embeddable":true,"href":"https:\/\/informativoelvalledeaguascalientes.online\/index.php?rest_route=%2Fwp%2Fv2%2Ftags&post=13330"}],"curies":[{"name":"wp","href":"https:\/\/api.w.org\/{rel}","templated":true}]}}