{"id":13321,"date":"2020-11-05T19:31:32","date_gmt":"2020-11-06T01:31:32","guid":{"rendered":"https:\/\/informativoelvalledeaguascalientes.online\/?p=13321"},"modified":"2020-11-05T19:31:32","modified_gmt":"2020-11-06T01:31:32","slug":"en-un-ecosistema-para-el-desarrollo-de-la-cultura-el-arte-y-la-educacion-inauguran-nueva-sede-del-bah","status":"publish","type":"post","link":"https:\/\/informativoelvalledeaguascalientes.online\/?p=13321","title":{"rendered":"EN UN ECOSISTEMA PARA EL DESARROLLO DE LA CULTURA, EL ARTE Y LA EDUCACI\u00d3N, INAUGURAN NUEVA SEDE DEL BAH\u00a0"},"content":{"rendered":"<ul>\n<li dir=\"ltr\">\n<p dir=\"ltr\">La ense\u00f1anza art\u00edstica a la par de la formaci\u00f3n convencional del bachillerato crea hombres y mujeres con mayor capacidad resolutiva y gran sentido humano: APR<\/p>\n<\/li>\n<li dir=\"ltr\">\n<p dir=\"ltr\">Se conjuntan las agendas del ICA y el IEA para lograr el desarrollo social y econ\u00f3mico<\/p>\n<\/li>\n<\/ul>\n<p dir=\"ltr\">Durante la inauguraci\u00f3n de la nueva sede del Bachillerato en Arte y Humanidades: Jos\u00e9 Guadalupe Posada, el gobernador Mart\u00edn Orozco Sandoval precis\u00f3 que la labor de su gobierno es propiciar las condiciones para que la juventud se siga desarrollando, pero m\u00e1s all\u00e1 de los muros, el verdadero orgullo y satisfacci\u00f3n est\u00e1n en la trascendencia que logran las y los j\u00f3venes cuando logran su realizaci\u00f3n, con compromiso, responsabilidad y sentido humano.<\/p>\n<p dir=\"ltr\">Mart\u00edn Orozco refiri\u00f3 que la inclusi\u00f3n de este bachillerato al ecosistema cultural y art\u00edstico que se desarrolla en el Complejo Tres Centurias, engrandece el macro-proyecto que se tiene para el fortalecimiento e impulso de esta zona emblem\u00e1tica, y en la que ya existen otros espacios de fomento cultural como el\u00a0 Museo Espacio, la Biblioteca Bicentenario, la Sala de conciertos, la Escuela de danza y la Universidad de las Artes, as\u00ed como la sede moderna de la Feria del Libro.<\/p>\n<p dir=\"ltr\">Por su parte, el doctor Alfonso P\u00e9rez Romo, destacado precursor del arte y la cultura en Aguascalientes, remarc\u00f3 la importancia de la formaci\u00f3n art\u00edstica en las y los j\u00f3venes, a la par de una educaci\u00f3n en ciencias exactas, pues se\u00f1al\u00f3 que el desarrollo de la creatividad incide en el egreso de futuros profesionistas con un mayor sentido humano y mayor capacidad resolutiva.<\/p>\n<p dir=\"ltr\">Adem\u00e1s, P\u00e9rez Romo agradeci\u00f3 al gobierno estatal el compromiso que se demuestra con la formaci\u00f3n integral de los j\u00f3venes con un espacio tan hermoso y digno para el Bachillerato en Artes y Humanidades.<\/p>\n<p dir=\"ltr\">Finalmente, la titular del Instituto Cultural de Aguascalientes (ICA), Claudia Sana Ana Zald\u00edvar, destac\u00f3 la importancia de trabajar en agendas que impulsan proyectos colaborativos de gran impacto para el desarrollo social y econ\u00f3mico de la entidad; articulando esfuerzos entre el sector educativo y cultural.<\/p>\n<p dir=\"ltr\">Cabe destacar que en el evento tambi\u00e9n estuvo presente el maestro Ra\u00fal Silva Perezchica, titular del Instituto de Educaci\u00f3n de Aguascalientes (IEA), maestros y alumnos del Bachillerato de las Artes y Humanidades.<\/p>\n","protected":false},"excerpt":{"rendered":"<p>La ense\u00f1anza art\u00edstica a la par de la formaci\u00f3n convencional del bachillerato crea hombres y mujeres con mayor capacidad resolutiva y gran sentido humano: APR Se conjuntan las agendas del ICA y el IEA para lograr el desarrollo social y econ\u00f3mico Durante la inauguraci\u00f3n de la nueva sede del Bachillerato en Arte y Humanidades: Jos\u00e9 [&hellip;]<\/p>\n","protected":false},"author":1,"featured_media":13322,"comment_status":"closed","ping_status":"open","sticky":false,"template":"","format":"standard","meta":{"advanced_seo_description":"","jetpack_seo_html_title":"","jetpack_seo_noindex":false,"_jetpack_memberships_contains_paid_content":false,"footnotes":"","jetpack_publicize_message":"","jetpack_publicize_feature_enabled":true,"jetpack_social_post_already_shared":true,"jetpack_social_options":{"image_generator_settings":{"template":"highway","default_image_id":0,"font":"","enabled":false},"version":2}},"categories":[21,4],"tags":[22,52,39,31],"class_list":["post-13321","post","type-post","status-publish","format-standard","has-post-thumbnail","hentry","category-aguascalientes","category-gobierno-del-estado-aguascalientes","tag-aguascalientes","tag-ica","tag-iea","tag-mos"],"jetpack_publicize_connections":[],"jetpack_featured_media_url":"https:\/\/i0.wp.com\/informativoelvalledeaguascalientes.online\/wp-content\/uploads\/2020\/11\/mos_ica_iea_05112020.jpg?fit=1280%2C854&ssl=1","jetpack-related-posts":[],"jetpack_sharing_enabled":true,"jetpack_likes_enabled":true,"_links":{"self":[{"href":"https:\/\/informativoelvalledeaguascalientes.online\/index.php?rest_route=\/wp\/v2\/posts\/13321","targetHints":{"allow":["GET"]}}],"collection":[{"href":"https:\/\/informativoelvalledeaguascalientes.online\/index.php?rest_route=\/wp\/v2\/posts"}],"about":[{"href":"https:\/\/informativoelvalledeaguascalientes.online\/index.php?rest_route=\/wp\/v2\/types\/post"}],"author":[{"embeddable":true,"href":"https:\/\/informativoelvalledeaguascalientes.online\/index.php?rest_route=\/wp\/v2\/users\/1"}],"replies":[{"embeddable":true,"href":"https:\/\/informativoelvalledeaguascalientes.online\/index.php?rest_route=%2Fwp%2Fv2%2Fcomments&post=13321"}],"version-history":[{"count":1,"href":"https:\/\/informativoelvalledeaguascalientes.online\/index.php?rest_route=\/wp\/v2\/posts\/13321\/revisions"}],"predecessor-version":[{"id":13323,"href":"https:\/\/informativoelvalledeaguascalientes.online\/index.php?rest_route=\/wp\/v2\/posts\/13321\/revisions\/13323"}],"wp:featuredmedia":[{"embeddable":true,"href":"https:\/\/informativoelvalledeaguascalientes.online\/index.php?rest_route=\/wp\/v2\/media\/13322"}],"wp:attachment":[{"href":"https:\/\/informativoelvalledeaguascalientes.online\/index.php?rest_route=%2Fwp%2Fv2%2Fmedia&parent=13321"}],"wp:term":[{"taxonomy":"category","embeddable":true,"href":"https:\/\/informativoelvalledeaguascalientes.online\/index.php?rest_route=%2Fwp%2Fv2%2Fcategories&post=13321"},{"taxonomy":"post_tag","embeddable":true,"href":"https:\/\/informativoelvalledeaguascalientes.online\/index.php?rest_route=%2Fwp%2Fv2%2Ftags&post=13321"}],"curies":[{"name":"wp","href":"https:\/\/api.w.org\/{rel}","templated":true}]}}