{"id":13318,"date":"2020-11-05T19:28:15","date_gmt":"2020-11-06T01:28:15","guid":{"rendered":"https:\/\/informativoelvalledeaguascalientes.online\/?p=13318"},"modified":"2020-11-05T19:28:15","modified_gmt":"2020-11-06T01:28:15","slug":"realizan-cmov-guardia-sanitaria-y-seguridad-publica-operativo-transporte-seguro","status":"publish","type":"post","link":"https:\/\/informativoelvalledeaguascalientes.online\/?p=13318","title":{"rendered":"REALIZAN CMOV, GUARDIA SANITARIA Y SEGURIDAD P\u00daBLICA OPERATIVO \u201cTRANSPORTE SEGURO\u201d"},"content":{"rendered":"<ul>\n<li dir=\"ltr\">\n<p dir=\"ltr\">Se verificaron alrededor de 50 unidades del transporte p\u00fablico urbano, taxis y veh\u00edculos de plataforma en la Cl\u00ednica 1 del IMSS y avenida Jos\u00e9 Mar\u00eda Ch\u00e1vez<\/p>\n<\/li>\n<li dir=\"ltr\">\n<p dir=\"ltr\">Se mantendr\u00e1n operativos permanentes para que personal de la CMOV verifique que se est\u00e9n cumpliendo con los protocolos sanitarios: RSR<\/p>\n<\/li>\n<\/ul>\n<p>&nbsp;<\/p>\n<p dir=\"ltr\">En un esfuerzo interinstitucional entre la Coordinaci\u00f3n General de Movilidad, la Guardia Sanitaria y las Secretar\u00edas de Seguridad P\u00fablica municipal y estatal, se realiz\u00f3 el operativo \u201cTransporte Seguro\u201d, el cual tuvo como objetivo verificar el cumplimiento de las medidas de prevenci\u00f3n por SARS-CoV-2 en el transporte p\u00fablico en sus diversas modalidades.<\/p>\n<p>&nbsp;<\/p>\n<p dir=\"ltr\">Encabezando esta actividad, Ricardo Serrano Rangel, titular de la CMOV, manifest\u00f3 que a su llegada a esta dependencia se fortalecer\u00e1n los operativos de revisi\u00f3n de protocolos sanitarios en diversos puntos de la ciudad, siendo este caso en el paradero ubicado afuera del Hospital General del IMSS n\u00famero 1 y Jos\u00e9 Mar\u00eda Ch\u00e1vez, en donde se constat\u00f3 el seguimiento de estas recomendaciones de salud en alrededor de 50 unidades de transporte p\u00fablico urbano, taxis y veh\u00edculos de plataforma.<\/p>\n<p>&nbsp;<\/p>\n<p dir=\"ltr\">Mencion\u00f3 que derivado del decreto publicado en d\u00edas pasados en el Peri\u00f3dico Oficial de Aguascalientes en materia de transporte p\u00fablico, se generar\u00e1 una agenda m\u00e1s robusta y cont\u00ednua en la CMOV, para que tanto supervisores como verificadores se den a la tarea de comprobar que usuarios y operadores est\u00e9n portando cubreboca, las unidades cuenten con gel antibacterial y lo apliquen en cada recorrido.<\/p>\n<p>&nbsp;<\/p>\n<p dir=\"ltr\">Finalmente, Serrano Rangel se\u00f1al\u00f3 que el transporte p\u00fablico en Aguascalientes no ha sido ni ser\u00e1 ajeno a la pandemia por COVID-19, por lo que invit\u00f3 a empresarios, agrupaciones, operadores y pasajeros a que en corresponsabilidad sigan estas disposiciones de salud, pues la suma de esfuerzos garantizar\u00e1 que este servicio sea seguro para todas y todos, pero principalmente, para poder abonar a la contenci\u00f3n de esta contingencia sanitaria.<\/p>\n","protected":false},"excerpt":{"rendered":"<p>Se verificaron alrededor de 50 unidades del transporte p\u00fablico urbano, taxis y veh\u00edculos de plataforma en la Cl\u00ednica 1 del IMSS y avenida Jos\u00e9 Mar\u00eda Ch\u00e1vez Se mantendr\u00e1n operativos permanentes para que personal de la CMOV verifique que se est\u00e9n cumpliendo con los protocolos sanitarios: RSR &nbsp; En un esfuerzo interinstitucional entre la Coordinaci\u00f3n General [&hellip;]<\/p>\n","protected":false},"author":1,"featured_media":13319,"comment_status":"closed","ping_status":"open","sticky":false,"template":"","format":"standard","meta":{"advanced_seo_description":"","jetpack_seo_html_title":"","jetpack_seo_noindex":false,"_jetpack_memberships_contains_paid_content":false,"footnotes":"","jetpack_publicize_message":"","jetpack_publicize_feature_enabled":true,"jetpack_social_post_already_shared":true,"jetpack_social_options":{"image_generator_settings":{"template":"highway","default_image_id":0,"font":"","enabled":false},"version":2}},"categories":[21,4],"tags":[22,53],"class_list":["post-13318","post","type-post","status-publish","format-standard","has-post-thumbnail","hentry","category-aguascalientes","category-gobierno-del-estado-aguascalientes","tag-aguascalientes","tag-cmov"],"jetpack_publicize_connections":[],"jetpack_featured_media_url":"https:\/\/i0.wp.com\/informativoelvalledeaguascalientes.online\/wp-content\/uploads\/2020\/11\/cmov_05112020.jpg?fit=852%2C568&ssl=1","jetpack-related-posts":[],"jetpack_sharing_enabled":true,"jetpack_likes_enabled":true,"_links":{"self":[{"href":"https:\/\/informativoelvalledeaguascalientes.online\/index.php?rest_route=\/wp\/v2\/posts\/13318","targetHints":{"allow":["GET"]}}],"collection":[{"href":"https:\/\/informativoelvalledeaguascalientes.online\/index.php?rest_route=\/wp\/v2\/posts"}],"about":[{"href":"https:\/\/informativoelvalledeaguascalientes.online\/index.php?rest_route=\/wp\/v2\/types\/post"}],"author":[{"embeddable":true,"href":"https:\/\/informativoelvalledeaguascalientes.online\/index.php?rest_route=\/wp\/v2\/users\/1"}],"replies":[{"embeddable":true,"href":"https:\/\/informativoelvalledeaguascalientes.online\/index.php?rest_route=%2Fwp%2Fv2%2Fcomments&post=13318"}],"version-history":[{"count":1,"href":"https:\/\/informativoelvalledeaguascalientes.online\/index.php?rest_route=\/wp\/v2\/posts\/13318\/revisions"}],"predecessor-version":[{"id":13320,"href":"https:\/\/informativoelvalledeaguascalientes.online\/index.php?rest_route=\/wp\/v2\/posts\/13318\/revisions\/13320"}],"wp:featuredmedia":[{"embeddable":true,"href":"https:\/\/informativoelvalledeaguascalientes.online\/index.php?rest_route=\/wp\/v2\/media\/13319"}],"wp:attachment":[{"href":"https:\/\/informativoelvalledeaguascalientes.online\/index.php?rest_route=%2Fwp%2Fv2%2Fmedia&parent=13318"}],"wp:term":[{"taxonomy":"category","embeddable":true,"href":"https:\/\/informativoelvalledeaguascalientes.online\/index.php?rest_route=%2Fwp%2Fv2%2Fcategories&post=13318"},{"taxonomy":"post_tag","embeddable":true,"href":"https:\/\/informativoelvalledeaguascalientes.online\/index.php?rest_route=%2Fwp%2Fv2%2Ftags&post=13318"}],"curies":[{"name":"wp","href":"https:\/\/api.w.org\/{rel}","templated":true}]}}