{"id":13309,"date":"2020-11-05T18:15:06","date_gmt":"2020-11-06T00:15:06","guid":{"rendered":"https:\/\/informativoelvalledeaguascalientes.online\/?p=13309"},"modified":"2020-11-05T18:15:06","modified_gmt":"2020-11-06T00:15:06","slug":"ahora-los-ciudadanos-podran-denunciar-fiestas-y-eventos-masivos-para-evitar-contagios-por-covid-19-martin-orozco","status":"publish","type":"post","link":"https:\/\/informativoelvalledeaguascalientes.online\/?p=13309","title":{"rendered":"AHORA LOS CIUDADANOS PODR\u00c1N DENUNCIAR FIESTAS Y EVENTOS MASIVOS PARA EVITAR CONTAGIOS POR COVID-19: MART\u00cdN OROZCO"},"content":{"rendered":"<ul>\n<li dir=\"ltr\">\n<p dir=\"ltr\">Gobernador Orozco Sandoval gir\u00f3 instrucciones para que personal del C5 canalice los reportes a las polic\u00edas municipales y act\u00faen en consecuencia.<\/p>\n<\/li>\n<li dir=\"ltr\">\n<p dir=\"ltr\">Presentar\u00e1 Gobierno del Estado el desempe\u00f1o de municipios ante el combate de fiestas y\u00a0 eventos masivos.<\/p>\n<\/li>\n<li dir=\"ltr\">\n<p dir=\"ltr\">Indicador Estatal COVID que entrar\u00e1 en vigor el 11 de noviembre coloca a Cos\u00edo en grado 2 de riesgo, Pabell\u00f3n de Arteaga contin\u00faa en grado 4 y el resto de los municipios en grado 3.<\/p>\n<\/li>\n<\/ul>\n<p dir=\"ltr\">A partir de este d\u00eda, el gobernador Mart\u00edn Orozco Sandoval puso a disposici\u00f3n de la sociedad de Aguascalientes la l\u00ednea de emergencia 911 para que pueda reportar cualquier fiesta o evento masivo que pudiera generar aglomeraciones y con ello contagios por COVID-19, de esta forma, personal del C5-SITEC canalizar\u00e1 las denuncias a las polic\u00edas municipales para que act\u00faen a la brevedad y procedan a la clausura de reuniones sociales.<\/p>\n<p dir=\"ltr\">El mandatario se\u00f1al\u00f3 que una vez que se ponga en marcha esta medida, se presentar\u00e1 un reporte en el que se dar\u00e1 a conocer a los aguascalentenses el n\u00famero de reportes recibidos y el n\u00famero de eventos clausurados por las corporaciones de cada ayuntamiento, para corroborar su trabajo y eficiencia.<\/p>\n<p dir=\"ltr\">En este sentido, apunt\u00f3 que es necesario que todas las autoridades, no s\u00f3lo la Guardia Sanitaria, act\u00faen en favor del cuidado de la salud de cada grupo poblacional.<\/p>\n<p dir=\"ltr\">Orozco Sandoval lament\u00f3 que a pesar de que se prohibieron los permisos para eventos masivos, el pasado fin de semana, se llevaran a cabo fiestas en las que fue omisa la autoridad correspondiente.<\/p>\n<p dir=\"ltr\">Enfatiz\u00f3 que se estudia por parte del \u00e1rea legal del ISSEA los alcances jur\u00eddicos para sancionar a los empresarios que permitieron la realizaci\u00f3n de eventos masivos en establecimientos de giros reglamentados.<\/p>\n<p dir=\"ltr\">Otra de las medidas que anunci\u00f3 el jefe del Ejecutivo es la indicaci\u00f3n para que todo el personal del gobierno estatal que forme parte de grupos vulnerables o de riesgo regrese a confinamiento. Asimismo, las dependencias o entidades de esta administraci\u00f3n que atienden al p\u00fablico, restringir\u00e1n o suspender\u00e1n sus aforos.<\/p>\n<p dir=\"ltr\">Juan Manuel Flores Femat, secretario general de Gobierno, expuso que se mantiene contacto directo con el obispado local y entre las medidas que se tomar\u00e1n ser\u00e1 el evitar vendimias al exterior de las parroquias, as\u00ed como evitar procesiones en las calles de los municipios y en la medida de lo posible celebraciones de bodas, XV a\u00f1os o ceremonias que promuevan fiestas posteriores.<\/p>\n<p dir=\"ltr\">El secretario tambi\u00e9n detall\u00f3 que las tiendas de conveniencia se sumaron al cierre de sus instalaciones\u00a0 a partir de las 10:00 de la noche y que se est\u00e1 en di\u00e1logo para que negocios de venta de comida nocturna puedan ofrecer su servicio para llevar o a domicilio.<\/p>\n<p dir=\"ltr\">El titular del ISSEA, Miguel \u00c1ngel Piza Jim\u00e9nez, hizo un llamado a los j\u00f3venes a no acudir a reuniones sociales ya que de acuerdo a los indicadores es el grupo poblacional que m\u00e1s se contagia, pero desafortunadamente son quienes propagan el virus a los adultos mayores, que son quienes m\u00e1s fallecen.<\/p>\n<p dir=\"ltr\">En su momento, Maria Eugenia Velasco Mar\u00edn, directora de Control y Prevenci\u00f3n de Enfermedades del ISSEA, dio a conocer el Indicador Estatal COVID-19 que se publicar\u00e1 en el Peri\u00f3dico Oficial del Estado el lunes 8 de noviembre, pero entrar\u00e1 en vigor el mi\u00e9rcoles 11 del mismo mes.<\/p>\n<p dir=\"ltr\">La funcionaria expuso que Cos\u00edo pas\u00f3 a grado 2 de riesgo, Pabell\u00f3n de Arteaga contin\u00faa en el grado de riesgo 4 y el resto de los municipios incluyendo la capital se encuentran en color rosa, es decir grado de riesgo 3.<\/p>\n<p dir=\"ltr\">Finalmente, el coordinador de Comunicaci\u00f3n Social, Jorge L\u00f3pez Mart\u00edn, inform\u00f3 que en breve se lanzar\u00e1 una campa\u00f1a de publicidad para concientizar principalmente a los j\u00f3venes a quedarse en casa y evitar contagios por SARS-CoV-2, misma que se replicar\u00e1 en los 11 municipios para un mayor impacto.<\/p>\n","protected":false},"excerpt":{"rendered":"<p>Gobernador Orozco Sandoval gir\u00f3 instrucciones para que personal del C5 canalice los reportes a las polic\u00edas municipales y act\u00faen en consecuencia. Presentar\u00e1 Gobierno del Estado el desempe\u00f1o de municipios ante el combate de fiestas y\u00a0 eventos masivos. Indicador Estatal COVID que entrar\u00e1 en vigor el 11 de noviembre coloca a Cos\u00edo en grado 2 de [&hellip;]<\/p>\n","protected":false},"author":1,"featured_media":13310,"comment_status":"closed","ping_status":"open","sticky":false,"template":"","format":"standard","meta":{"advanced_seo_description":"","jetpack_seo_html_title":"","jetpack_seo_noindex":false,"_jetpack_memberships_contains_paid_content":false,"footnotes":"","jetpack_publicize_message":"","jetpack_publicize_feature_enabled":true,"jetpack_social_post_already_shared":true,"jetpack_social_options":{"image_generator_settings":{"template":"highway","default_image_id":0,"font":"","enabled":false},"version":2}},"categories":[21,4],"tags":[22,30,31,51],"class_list":["post-13309","post","type-post","status-publish","format-standard","has-post-thumbnail","hentry","category-aguascalientes","category-gobierno-del-estado-aguascalientes","tag-aguascalientes","tag-issea","tag-mos","tag-seggob"],"jetpack_publicize_connections":[],"jetpack_featured_media_url":"https:\/\/i0.wp.com\/informativoelvalledeaguascalientes.online\/wp-content\/uploads\/2020\/11\/mos_isssea_seggob_05112020.jpg?fit=1280%2C853&ssl=1","jetpack-related-posts":[],"jetpack_sharing_enabled":true,"jetpack_likes_enabled":true,"_links":{"self":[{"href":"https:\/\/informativoelvalledeaguascalientes.online\/index.php?rest_route=\/wp\/v2\/posts\/13309","targetHints":{"allow":["GET"]}}],"collection":[{"href":"https:\/\/informativoelvalledeaguascalientes.online\/index.php?rest_route=\/wp\/v2\/posts"}],"about":[{"href":"https:\/\/informativoelvalledeaguascalientes.online\/index.php?rest_route=\/wp\/v2\/types\/post"}],"author":[{"embeddable":true,"href":"https:\/\/informativoelvalledeaguascalientes.online\/index.php?rest_route=\/wp\/v2\/users\/1"}],"replies":[{"embeddable":true,"href":"https:\/\/informativoelvalledeaguascalientes.online\/index.php?rest_route=%2Fwp%2Fv2%2Fcomments&post=13309"}],"version-history":[{"count":1,"href":"https:\/\/informativoelvalledeaguascalientes.online\/index.php?rest_route=\/wp\/v2\/posts\/13309\/revisions"}],"predecessor-version":[{"id":13311,"href":"https:\/\/informativoelvalledeaguascalientes.online\/index.php?rest_route=\/wp\/v2\/posts\/13309\/revisions\/13311"}],"wp:featuredmedia":[{"embeddable":true,"href":"https:\/\/informativoelvalledeaguascalientes.online\/index.php?rest_route=\/wp\/v2\/media\/13310"}],"wp:attachment":[{"href":"https:\/\/informativoelvalledeaguascalientes.online\/index.php?rest_route=%2Fwp%2Fv2%2Fmedia&parent=13309"}],"wp:term":[{"taxonomy":"category","embeddable":true,"href":"https:\/\/informativoelvalledeaguascalientes.online\/index.php?rest_route=%2Fwp%2Fv2%2Fcategories&post=13309"},{"taxonomy":"post_tag","embeddable":true,"href":"https:\/\/informativoelvalledeaguascalientes.online\/index.php?rest_route=%2Fwp%2Fv2%2Ftags&post=13309"}],"curies":[{"name":"wp","href":"https:\/\/api.w.org\/{rel}","templated":true}]}}