{"id":13306,"date":"2020-11-05T18:11:28","date_gmt":"2020-11-06T00:11:28","guid":{"rendered":"https:\/\/informativoelvalledeaguascalientes.online\/?p=13306"},"modified":"2020-11-05T18:11:28","modified_gmt":"2020-11-06T00:11:28","slug":"basta-a-los-recortes-presupuestales-que-afectan-al-campo-tono-martin-del-campo","status":"publish","type":"post","link":"https:\/\/informativoelvalledeaguascalientes.online\/?p=13306","title":{"rendered":"BASTA A LOS RECORTES PRESUPUESTALES QUE AFECTAN AL CAMPO: TO\u00d1O MART\u00cdN DEL CAMPO"},"content":{"rendered":"<p>El Senador To\u00f1o Mart\u00edn del Campo, en su calidad de secretario de la Comisi\u00f3n de Agricultura, Pesca, Ganader\u00eda y Desarrollo Rural en el Senado de la Rep\u00fablica, se mostr\u00f3 seriamente preocupado ante la serie de recortes que en su presupuesto ha sufrido este sector por parte del Gobierno Federal.<\/p>\n<p>&nbsp;<\/p>\n<p>As\u00ed se lo hizo saber al Secretario de Agricultura y Desarrollo Rural, V\u00edctor Manuel Villalobos Ar\u00e1mbula, a quien le exigi\u00f3 dar prioridad a la atenci\u00f3n de las principales necesidades de este sector a las que se suman tambi\u00e9n las afectaciones por la contingencia sanitaria y la crisis econ\u00f3mica producto de la pandemia.<\/p>\n<p>&nbsp;<\/p>\n<p>Lament\u00f3 el descenso del presupuesto federal a este sector el cual este a\u00f1o recibi\u00f3 un 27% menos con relaci\u00f3n al 2019 lo que equivale a de 17 mil 800 millones de pesos haciendo hincapi\u00e9 que solamente en Aguascalientes se tuvo una disminuci\u00f3n del 61% a nivel federal para el campo, situaci\u00f3n que afecta a los productores, ofreciendo apoyo total para que a trav\u00e9s de la suma de esfuerzos se puedan tomar mejores decisiones en beneficio de los productores agr\u00edcolas.<\/p>\n<p>&nbsp;<\/p>\n<p>&nbsp;<\/p>\n","protected":false},"excerpt":{"rendered":"<p>El Senador To\u00f1o Mart\u00edn del Campo, en su calidad de secretario de la Comisi\u00f3n de Agricultura, Pesca, Ganader\u00eda y Desarrollo Rural en el Senado de la Rep\u00fablica, se mostr\u00f3 seriamente preocupado ante la serie de recortes que en su presupuesto ha sufrido este sector por parte del Gobierno Federal. &nbsp; As\u00ed se lo hizo saber [&hellip;]<\/p>\n","protected":false},"author":1,"featured_media":13307,"comment_status":"closed","ping_status":"open","sticky":false,"template":"","format":"standard","meta":{"advanced_seo_description":"","jetpack_seo_html_title":"","jetpack_seo_noindex":false,"_jetpack_memberships_contains_paid_content":false,"footnotes":"","jetpack_publicize_message":"","jetpack_publicize_feature_enabled":true,"jetpack_social_post_already_shared":true,"jetpack_social_options":{"image_generator_settings":{"template":"highway","default_image_id":0,"font":"","enabled":false},"version":2}},"categories":[21,19,7,6],"tags":[22,23,49],"class_list":["post-13306","post","type-post","status-publish","format-standard","has-post-thumbnail","hentry","category-aguascalientes","category-informacion-general","category-pan-aguascalientes","category-partidos-politicos","tag-aguascalientes","tag-pan-aguascalientes","tag-tono-martin-del-campo"],"jetpack_publicize_connections":[],"jetpack_featured_media_url":"https:\/\/i0.wp.com\/informativoelvalledeaguascalientes.online\/wp-content\/uploads\/2020\/11\/To%C3%B1o-Mart%C3%ADn-del-Campo.jpg?fit=933%2C623&ssl=1","jetpack-related-posts":[],"jetpack_sharing_enabled":true,"jetpack_likes_enabled":true,"_links":{"self":[{"href":"https:\/\/informativoelvalledeaguascalientes.online\/index.php?rest_route=\/wp\/v2\/posts\/13306","targetHints":{"allow":["GET"]}}],"collection":[{"href":"https:\/\/informativoelvalledeaguascalientes.online\/index.php?rest_route=\/wp\/v2\/posts"}],"about":[{"href":"https:\/\/informativoelvalledeaguascalientes.online\/index.php?rest_route=\/wp\/v2\/types\/post"}],"author":[{"embeddable":true,"href":"https:\/\/informativoelvalledeaguascalientes.online\/index.php?rest_route=\/wp\/v2\/users\/1"}],"replies":[{"embeddable":true,"href":"https:\/\/informativoelvalledeaguascalientes.online\/index.php?rest_route=%2Fwp%2Fv2%2Fcomments&post=13306"}],"version-history":[{"count":1,"href":"https:\/\/informativoelvalledeaguascalientes.online\/index.php?rest_route=\/wp\/v2\/posts\/13306\/revisions"}],"predecessor-version":[{"id":13308,"href":"https:\/\/informativoelvalledeaguascalientes.online\/index.php?rest_route=\/wp\/v2\/posts\/13306\/revisions\/13308"}],"wp:featuredmedia":[{"embeddable":true,"href":"https:\/\/informativoelvalledeaguascalientes.online\/index.php?rest_route=\/wp\/v2\/media\/13307"}],"wp:attachment":[{"href":"https:\/\/informativoelvalledeaguascalientes.online\/index.php?rest_route=%2Fwp%2Fv2%2Fmedia&parent=13306"}],"wp:term":[{"taxonomy":"category","embeddable":true,"href":"https:\/\/informativoelvalledeaguascalientes.online\/index.php?rest_route=%2Fwp%2Fv2%2Fcategories&post=13306"},{"taxonomy":"post_tag","embeddable":true,"href":"https:\/\/informativoelvalledeaguascalientes.online\/index.php?rest_route=%2Fwp%2Fv2%2Ftags&post=13306"}],"curies":[{"name":"wp","href":"https:\/\/api.w.org\/{rel}","templated":true}]}}