{"id":13303,"date":"2020-11-05T18:00:36","date_gmt":"2020-11-06T00:00:36","guid":{"rendered":"https:\/\/informativoelvalledeaguascalientes.online\/?p=13303"},"modified":"2020-11-05T18:00:36","modified_gmt":"2020-11-06T00:00:36","slug":"el-ovalo-aguascalientes-mexico-el-regreso-de-alex-sainz-a-trucks-mexico-series","status":"publish","type":"post","link":"https:\/\/informativoelvalledeaguascalientes.online\/?p=13303","title":{"rendered":"El \u00d3valo Aguascalientes M\u00e9xico, el regreso de Alex Sainz a Trucks M\u00e9xico Series."},"content":{"rendered":"<p style=\"font-weight: 400;\">Este viernes regresa la <strong>FB y BOHN Mikel\u2019s Trucks<\/strong>, campeonato de desarrollo de\u00a0<strong>NASCAR M\u00e9xico<\/strong>, al \u00d3valo Aguascalientes M\u00e9xico para llevar a cabo su octava fecha del calendario, compromiso perfecto para el regreso a las pistas del piloto Alex Sainz tras ausentarse algunas competencias.<\/p>\n<p style=\"font-weight: 400;\">\n<p style=\"font-weight: 400;\">Alex Sainz, est\u00e1 listo para volver a ponerse al mando de la camioneta\u00a0<strong>#77 Invespa \/ Bistrot Sainz<\/strong><strong>\/ HAAS CNC\/ La Abeja<\/strong>, tras su ausencia debido a algunos compromisos personales sumados a su positivo por covid-19, enfermedad que pudo combatir desde casa y sin ning\u00fan tipo de complicaci\u00f3n, siendo este un buen momento para volver a la carga en la recta final de una temporada 2020 de debut para el capitalino.<\/p>\n<p style=\"font-weight: 400;\">\n<p style=\"font-weight: 400;\">En esta ocasi\u00f3n, el del\u00a0<strong>ANVI Motorsport<\/strong>, vuelve a Aguascalientes, pista que ya conoce y en donde se tendr\u00e1 que adaptar r\u00e1pidamente a la camioneta y condiciones, con solo una pr\u00e1ctica previa a la competencia pactada a 60 giros. Recordando que la parrilla de salida es sembrada de forma invertida de acuerdo al estado del campeonato, por lo que Sainz tendr\u00e1 la oportunidad de arrancar en la primera parte de la misma.<\/p>\n<p style=\"font-weight: 400;\">\n<p style=\"font-weight: 400;\"><strong><em>\u201cEstoy muy contento con la oportunidad de volver a las camionetas, agradecido con el ANVI Motorsport que es quien me ha apoyado desde que llegu\u00e9 a la categor\u00eda\u201d.<\/em><\/strong><\/p>\n<p style=\"font-weight: 400;\">\n<p style=\"font-weight: 400;\"><strong><em>\u201cCreo que regresamos a uno de los \u00f3valos m\u00e1s complicados de M\u00e9xico, el m\u00e1s r\u00e1pido en donde todo el tiempo se va full. As\u00ed que debemos poner todo de nuestra parte para poder estar peleando incluso por el podio. Va a ser una carrera complicada con esfuerzo f\u00edsico y mental, muy peleada, pero de mi parte dar\u00e9 todo para salir con un buen resultado\u201d<\/em><\/strong>, finaliz\u00f3 el piloto.<\/p>\n<p style=\"font-weight: 400;\">\n<p style=\"font-weight: 400;\">Todo listo para el regreso de Alex Sainz a la\u00a0<strong>FB y BOHN Mikel\u2019s Trucks<\/strong>\u00a0dentro del programa de\u00a0<strong>NASCAR PEAK M\u00e9xico Series<\/strong>, con un duro compromiso en el\u00a0<strong>\u00d3valo Aguascalientes M\u00e9xico<\/strong>\u00a0este 6 de noviembre.<\/p>\n","protected":false},"excerpt":{"rendered":"<p>Este viernes regresa la FB y BOHN Mikel\u2019s Trucks, campeonato de desarrollo de\u00a0NASCAR M\u00e9xico, al \u00d3valo Aguascalientes M\u00e9xico para llevar a cabo su octava fecha del calendario, compromiso perfecto para el regreso a las pistas del piloto Alex Sainz tras ausentarse algunas competencias. Alex Sainz, est\u00e1 listo para volver a ponerse al mando de la [&hellip;]<\/p>\n","protected":false},"author":1,"featured_media":13304,"comment_status":"closed","ping_status":"open","sticky":false,"template":"","format":"standard","meta":{"advanced_seo_description":"","jetpack_seo_html_title":"","jetpack_seo_noindex":false,"_jetpack_memberships_contains_paid_content":false,"footnotes":"","jetpack_publicize_message":"","jetpack_publicize_feature_enabled":true,"jetpack_social_post_already_shared":true,"jetpack_social_options":{"image_generator_settings":{"template":"highway","default_image_id":0,"font":"","enabled":false},"version":2}},"categories":[21,19],"tags":[22,291],"class_list":["post-13303","post","type-post","status-publish","format-standard","has-post-thumbnail","hentry","category-aguascalientes","category-informacion-general","tag-aguascalientes","tag-nascar-peak-mexico-series"],"jetpack_publicize_connections":[],"jetpack_featured_media_url":"https:\/\/i0.wp.com\/informativoelvalledeaguascalientes.online\/wp-content\/uploads\/2020\/11\/nascar_ags_05112020.jpg?fit=852%2C568&ssl=1","jetpack-related-posts":[],"jetpack_sharing_enabled":true,"jetpack_likes_enabled":true,"_links":{"self":[{"href":"https:\/\/informativoelvalledeaguascalientes.online\/index.php?rest_route=\/wp\/v2\/posts\/13303","targetHints":{"allow":["GET"]}}],"collection":[{"href":"https:\/\/informativoelvalledeaguascalientes.online\/index.php?rest_route=\/wp\/v2\/posts"}],"about":[{"href":"https:\/\/informativoelvalledeaguascalientes.online\/index.php?rest_route=\/wp\/v2\/types\/post"}],"author":[{"embeddable":true,"href":"https:\/\/informativoelvalledeaguascalientes.online\/index.php?rest_route=\/wp\/v2\/users\/1"}],"replies":[{"embeddable":true,"href":"https:\/\/informativoelvalledeaguascalientes.online\/index.php?rest_route=%2Fwp%2Fv2%2Fcomments&post=13303"}],"version-history":[{"count":1,"href":"https:\/\/informativoelvalledeaguascalientes.online\/index.php?rest_route=\/wp\/v2\/posts\/13303\/revisions"}],"predecessor-version":[{"id":13305,"href":"https:\/\/informativoelvalledeaguascalientes.online\/index.php?rest_route=\/wp\/v2\/posts\/13303\/revisions\/13305"}],"wp:featuredmedia":[{"embeddable":true,"href":"https:\/\/informativoelvalledeaguascalientes.online\/index.php?rest_route=\/wp\/v2\/media\/13304"}],"wp:attachment":[{"href":"https:\/\/informativoelvalledeaguascalientes.online\/index.php?rest_route=%2Fwp%2Fv2%2Fmedia&parent=13303"}],"wp:term":[{"taxonomy":"category","embeddable":true,"href":"https:\/\/informativoelvalledeaguascalientes.online\/index.php?rest_route=%2Fwp%2Fv2%2Fcategories&post=13303"},{"taxonomy":"post_tag","embeddable":true,"href":"https:\/\/informativoelvalledeaguascalientes.online\/index.php?rest_route=%2Fwp%2Fv2%2Ftags&post=13303"}],"curies":[{"name":"wp","href":"https:\/\/api.w.org\/{rel}","templated":true}]}}