{"id":13300,"date":"2020-11-05T17:49:01","date_gmt":"2020-11-05T23:49:01","guid":{"rendered":"https:\/\/informativoelvalledeaguascalientes.online\/?p=13300"},"modified":"2020-11-05T17:49:01","modified_gmt":"2020-11-05T23:49:01","slug":"en-aguascalientes-se-sabe-destilar-y-se-hace-con-pasion-el-mezcal-en-aguascalientes","status":"publish","type":"post","link":"https:\/\/informativoelvalledeaguascalientes.online\/?p=13300","title":{"rendered":"EN AGUASCALIENTES SE SABE DESTILAR Y SE HACE CON PASI\u00d3N: EL MEZCAL EN AGUASCALIENTES\u00a0"},"content":{"rendered":"<ul>\n<li dir=\"ltr\">\n<p dir=\"ltr\">Aqu\u00ed se conjuntan dos temas fundamentales, la cultura popular y la econom\u00eda: MOS<\/p>\n<\/li>\n<li dir=\"ltr\">\n<p dir=\"ltr\">Con este libro se busca la divulgaci\u00f3n y apropiaci\u00f3n de la cultura hist\u00f3rica de producci\u00f3n mezcalera en Ags<\/p>\n<\/li>\n<li dir=\"ltr\">\n<p dir=\"ltr\">Se sigue trabajando por la Denominaci\u00f3n de Origen<\/p>\n<\/li>\n<\/ul>\n<p dir=\"ltr\">La promoci\u00f3n de la cultura popular de nuestro estado y nuestro pa\u00eds se conjunta con las estrategias para difundir la producci\u00f3n de mezcal en Aguascalientes, en un evento que busca rescatar la hist\u00f3rica tradici\u00f3n del maguey en nuestra entidad, y por la cual se contin\u00faa en la b\u00fasqueda de obtener la Denominaci\u00f3n de Origen.<\/p>\n<p dir=\"ltr\">Es as\u00ed que durante la presentaci\u00f3n del libro El Mezcal de Aguascalientes, el gobernador Mart\u00edn Orozco Sandoval record\u00f3 el gran valor\u00a0 cultural y productivo que representa este cultivo para el estado, destacando que el objetivo de que su administraci\u00f3n impulse estas actividades -tanto culturales como econ\u00f3micas- es que la gente viva mejor y se desarrolle econ\u00f3micamente, aport\u00e1ndole al pa\u00eds.<\/p>\n<p dir=\"ltr\">Mart\u00edn Orozco reflexion\u00f3 que la visi\u00f3n es a futuro, sin embargo es fundamental regresar al pasado, a los trescientos a\u00f1os de trabajo y esfuerzo que se relatan en esta obra, para seguir escribiendo con orgullo nuestra historia.<\/p>\n<p dir=\"ltr\">En su intervenci\u00f3n, la titular del Instituto Cultural de Aguascalientes, Claudia Santa Ana Zaldivar, dijo que con la edici\u00f3n de El Mezcal de Aguascalientes se busca la divulgaci\u00f3n y defensa de este patrimonio a trav\u00e9s de la propia sociedad, e hizo hincapi\u00e9 en que en esta administraci\u00f3n se ha puesto como centro de las pol\u00edticas p\u00fablicas, la cultura y su acercamiento a las comunidades m\u00e1s marginadas.<\/p>\n<p dir=\"ltr\">Cabe destacar que en el evento estuvieron presentes el alcalde de Asientos, Juan Luis Jasso Hern\u00e1ndez; el presidente del Comit\u00e9 Estatal del Sistema Producto Maguey-Mezcal de Aguascalientes, Wenceslao Bautista; el co-autor del libro, Victor Manuel Sol\u00eds; y la presidenta de las Mujeres Empresarias del Maguey y el Mezcal en el Estado de Aguascalientes, Guillermina Guti\u00e9rrez Ram\u00edrez.<\/p>\n","protected":false},"excerpt":{"rendered":"<p>Aqu\u00ed se conjuntan dos temas fundamentales, la cultura popular y la econom\u00eda: MOS Con este libro se busca la divulgaci\u00f3n y apropiaci\u00f3n de la cultura hist\u00f3rica de producci\u00f3n mezcalera en Ags Se sigue trabajando por la Denominaci\u00f3n de Origen La promoci\u00f3n de la cultura popular de nuestro estado y nuestro pa\u00eds se conjunta con las [&hellip;]<\/p>\n","protected":false},"author":1,"featured_media":13301,"comment_status":"closed","ping_status":"open","sticky":false,"template":"","format":"standard","meta":{"advanced_seo_description":"","jetpack_seo_html_title":"","jetpack_seo_noindex":false,"_jetpack_memberships_contains_paid_content":false,"footnotes":"","jetpack_publicize_message":"","jetpack_publicize_feature_enabled":true,"jetpack_social_post_already_shared":true,"jetpack_social_options":{"image_generator_settings":{"template":"highway","default_image_id":0,"font":"","enabled":false},"version":2}},"categories":[21,4],"tags":[22,31],"class_list":["post-13300","post","type-post","status-publish","format-standard","has-post-thumbnail","hentry","category-aguascalientes","category-gobierno-del-estado-aguascalientes","tag-aguascalientes","tag-mos"],"jetpack_publicize_connections":[],"jetpack_featured_media_url":"https:\/\/i0.wp.com\/informativoelvalledeaguascalientes.online\/wp-content\/uploads\/2020\/11\/mos_mezcal_05112020.jpg?fit=1280%2C783&ssl=1","jetpack-related-posts":[],"jetpack_sharing_enabled":true,"jetpack_likes_enabled":true,"_links":{"self":[{"href":"https:\/\/informativoelvalledeaguascalientes.online\/index.php?rest_route=\/wp\/v2\/posts\/13300","targetHints":{"allow":["GET"]}}],"collection":[{"href":"https:\/\/informativoelvalledeaguascalientes.online\/index.php?rest_route=\/wp\/v2\/posts"}],"about":[{"href":"https:\/\/informativoelvalledeaguascalientes.online\/index.php?rest_route=\/wp\/v2\/types\/post"}],"author":[{"embeddable":true,"href":"https:\/\/informativoelvalledeaguascalientes.online\/index.php?rest_route=\/wp\/v2\/users\/1"}],"replies":[{"embeddable":true,"href":"https:\/\/informativoelvalledeaguascalientes.online\/index.php?rest_route=%2Fwp%2Fv2%2Fcomments&post=13300"}],"version-history":[{"count":1,"href":"https:\/\/informativoelvalledeaguascalientes.online\/index.php?rest_route=\/wp\/v2\/posts\/13300\/revisions"}],"predecessor-version":[{"id":13302,"href":"https:\/\/informativoelvalledeaguascalientes.online\/index.php?rest_route=\/wp\/v2\/posts\/13300\/revisions\/13302"}],"wp:featuredmedia":[{"embeddable":true,"href":"https:\/\/informativoelvalledeaguascalientes.online\/index.php?rest_route=\/wp\/v2\/media\/13301"}],"wp:attachment":[{"href":"https:\/\/informativoelvalledeaguascalientes.online\/index.php?rest_route=%2Fwp%2Fv2%2Fmedia&parent=13300"}],"wp:term":[{"taxonomy":"category","embeddable":true,"href":"https:\/\/informativoelvalledeaguascalientes.online\/index.php?rest_route=%2Fwp%2Fv2%2Fcategories&post=13300"},{"taxonomy":"post_tag","embeddable":true,"href":"https:\/\/informativoelvalledeaguascalientes.online\/index.php?rest_route=%2Fwp%2Fv2%2Ftags&post=13300"}],"curies":[{"name":"wp","href":"https:\/\/api.w.org\/{rel}","templated":true}]}}