{"id":13286,"date":"2020-11-05T00:14:09","date_gmt":"2020-11-05T06:14:09","guid":{"rendered":"https:\/\/informativoelvalledeaguascalientes.online\/?p=13286"},"modified":"2020-11-05T00:14:09","modified_gmt":"2020-11-05T06:14:09","slug":"alerta-issea-sobre-los-riesgos-sanitarios-que-representan-los-desechos-generados-por-covid-19","status":"publish","type":"post","link":"https:\/\/informativoelvalledeaguascalientes.online\/?p=13286","title":{"rendered":"ALERTA ISSEA SOBRE LOS RIESGOS SANITARIOS QUE REPRESENTAN LOS DESECHOS GENERADOS POR COVID-19"},"content":{"rendered":"<ul>\n<li dir=\"ltr\">\n<p dir=\"ltr\">Es necesario manejar y confinar de forma correcta la basura que estuvo en contacto con pacientes de coronavirus<\/p>\n<\/li>\n<li dir=\"ltr\">\n<p dir=\"ltr\">Los cubrebocas usados deben ser inutilizados y desechados en una bolsa exclusiva<\/p>\n<\/li>\n<\/ul>\n<p>&nbsp;<\/p>\n<p dir=\"ltr\">La Secretar\u00eda de Salud de Aguascalientes alert\u00f3 sobre los riesgos sanitarios que representan los cubrebocas desechables y otros materiales de protecci\u00f3n utilizados especialmente por enfermos de Coronavirus (Covid-19) e hizo un llamado a la poblaci\u00f3n para que lleven a cabo un correcto manejo de estos desechos .<\/p>\n<p>&nbsp;<\/p>\n<p dir=\"ltr\">El director de Regulaci\u00f3n Sanitaria del Instituto de Servicios de Salud del Estado de Aguascalientes (ISSEA), Octavio Jim\u00e9nez Mac\u00edas, explic\u00f3 que cuando las mascarillas de protecci\u00f3n son arrojadas a la basura sin ser confinadas de la manera correcta, \u00e9stas representan un riesgo de infecci\u00f3n.<\/p>\n<p>&nbsp;<\/p>\n<p dir=\"ltr\">Coment\u00f3 que los residuos, especialmente los procedentes de hogares donde viven pacientes positivos, aislados o en cuarentena, se consideran peligrosos para la salud p\u00fablica, por lo que es necesario separarlos en una bolsa exclusiva y manejarlos a parte del resto de basura dom\u00e9stica.<\/p>\n<p>&nbsp;<\/p>\n<p dir=\"ltr\">Jim\u00e9nez Mac\u00edas a\u00f1adi\u00f3 que entre los art\u00edculos desechables que deben tener un manejo especial est\u00e1n cubrebocas, pa\u00f1uelos desechables y guantes, los cuales dijo, antes de tirarlos a la basura deben ser desinfectados con una soluci\u00f3n clorada al 7 por ciento.<\/p>\n<p>&nbsp;<\/p>\n<p dir=\"ltr\">En el caso espec\u00edfico de los cubrebocas, dijo, \u00e9stos deben ser inutilizados, es decir, que antes de tirarlos a la basura, de preferencia deben ser cortados con unas tijeras, para garantizar que no volver\u00e1n a ser usados.<\/p>\n<p>&nbsp;<\/p>\n<p dir=\"ltr\">El director de Regulaci\u00f3n Sanitaria del ISSEA aclar\u00f3 que esta basura no puede ser mezclada con otro tipo de residuos, como desechos org\u00e1nicos, envases, papel, vidrio u otros, as\u00ed como tampoco debe ser abandonada en el ambiente.<\/p>\n<p>&nbsp;<\/p>\n<p dir=\"ltr\">Reiter\u00f3 que el cuidado de nuestra salud y la prevenci\u00f3n del contagio del Covid-19 es responsabilidad de todos, por lo que es importante seguir las recomendaciones sobre el manejo de los desechos dom\u00e9sticos que pudieran estar contaminados.<\/p>\n","protected":false},"excerpt":{"rendered":"<p>Es necesario manejar y confinar de forma correcta la basura que estuvo en contacto con pacientes de coronavirus Los cubrebocas usados deben ser inutilizados y desechados en una bolsa exclusiva &nbsp; La Secretar\u00eda de Salud de Aguascalientes alert\u00f3 sobre los riesgos sanitarios que representan los cubrebocas desechables y otros materiales de protecci\u00f3n utilizados especialmente por [&hellip;]<\/p>\n","protected":false},"author":1,"featured_media":13287,"comment_status":"closed","ping_status":"open","sticky":false,"template":"","format":"standard","meta":{"advanced_seo_description":"","jetpack_seo_html_title":"","jetpack_seo_noindex":false,"_jetpack_memberships_contains_paid_content":false,"footnotes":"","jetpack_publicize_message":"","jetpack_publicize_feature_enabled":true,"jetpack_social_post_already_shared":true,"jetpack_social_options":{"image_generator_settings":{"template":"highway","default_image_id":0,"font":"","enabled":false},"version":2}},"categories":[21,4],"tags":[22,30],"class_list":["post-13286","post","type-post","status-publish","format-standard","has-post-thumbnail","hentry","category-aguascalientes","category-gobierno-del-estado-aguascalientes","tag-aguascalientes","tag-issea"],"jetpack_publicize_connections":[],"jetpack_featured_media_url":"https:\/\/i0.wp.com\/informativoelvalledeaguascalientes.online\/wp-content\/uploads\/2020\/11\/issea_04112020.jpg?fit=696%2C464&ssl=1","jetpack-related-posts":[],"jetpack_sharing_enabled":true,"jetpack_likes_enabled":true,"_links":{"self":[{"href":"https:\/\/informativoelvalledeaguascalientes.online\/index.php?rest_route=\/wp\/v2\/posts\/13286","targetHints":{"allow":["GET"]}}],"collection":[{"href":"https:\/\/informativoelvalledeaguascalientes.online\/index.php?rest_route=\/wp\/v2\/posts"}],"about":[{"href":"https:\/\/informativoelvalledeaguascalientes.online\/index.php?rest_route=\/wp\/v2\/types\/post"}],"author":[{"embeddable":true,"href":"https:\/\/informativoelvalledeaguascalientes.online\/index.php?rest_route=\/wp\/v2\/users\/1"}],"replies":[{"embeddable":true,"href":"https:\/\/informativoelvalledeaguascalientes.online\/index.php?rest_route=%2Fwp%2Fv2%2Fcomments&post=13286"}],"version-history":[{"count":1,"href":"https:\/\/informativoelvalledeaguascalientes.online\/index.php?rest_route=\/wp\/v2\/posts\/13286\/revisions"}],"predecessor-version":[{"id":13288,"href":"https:\/\/informativoelvalledeaguascalientes.online\/index.php?rest_route=\/wp\/v2\/posts\/13286\/revisions\/13288"}],"wp:featuredmedia":[{"embeddable":true,"href":"https:\/\/informativoelvalledeaguascalientes.online\/index.php?rest_route=\/wp\/v2\/media\/13287"}],"wp:attachment":[{"href":"https:\/\/informativoelvalledeaguascalientes.online\/index.php?rest_route=%2Fwp%2Fv2%2Fmedia&parent=13286"}],"wp:term":[{"taxonomy":"category","embeddable":true,"href":"https:\/\/informativoelvalledeaguascalientes.online\/index.php?rest_route=%2Fwp%2Fv2%2Fcategories&post=13286"},{"taxonomy":"post_tag","embeddable":true,"href":"https:\/\/informativoelvalledeaguascalientes.online\/index.php?rest_route=%2Fwp%2Fv2%2Ftags&post=13286"}],"curies":[{"name":"wp","href":"https:\/\/api.w.org\/{rel}","templated":true}]}}