{"id":13277,"date":"2020-11-04T23:50:17","date_gmt":"2020-11-05T05:50:17","guid":{"rendered":"https:\/\/informativoelvalledeaguascalientes.online\/?p=13277"},"modified":"2020-11-04T23:50:17","modified_gmt":"2020-11-05T05:50:17","slug":"en-conexion-contigo-invitan-a-inscribirse-al-centro-de-idiomas-mas-importante-del-estado","status":"publish","type":"post","link":"https:\/\/informativoelvalledeaguascalientes.online\/?p=13277","title":{"rendered":"EN CONEXI\u00d3N CONTIGO: INVITAN A INSCRIBIRSE AL CENTRO DE IDIOMAS M\u00c1S IMPORTANTE DEL ESTADO\u00a0"},"content":{"rendered":"<p dir=\"ltr\">En una nueva edici\u00f3n del programa Conexi\u00f3n Contigo, conducido por el Coordinador de Comunicaci\u00f3n Social, Jorge L\u00f3pez Mart\u00edn, se llev\u00f3 hasta la ciudadan\u00eda la nueva oferta que el Gobierno del Estado pone a disposici\u00f3n de las y los aguascalentenses, con la finalidad de dotarlos de herramientas que permitan su competitivo desarrollo en el \u00e1mbito estudiantil y profesional.<\/p>\n<p dir=\"ltr\">El Centro de Idiomas de la Universidad Tecnol\u00f3gica de El Reto\u00f1o cuenta con una oferta que permitir\u00e1 el aprendizaje de 6 idiomas diferentes, con los precios m\u00e1s accesibles del mercado y en horarios flexibles, ya sea entre semana o de forma intensiva los s\u00e1bados, se\u00f1al\u00f3 Emmanuel Carrillo, rector de la UTR y director de este centro.<\/p>\n<p dir=\"ltr\">Las inscripciones para arrancar el ciclo escolar a principios del 2021 est\u00e1n abiertas, por lo que las y los interesados pueden comunicarse al 449 688 3050, visitar la p\u00e1gina de Facebook de la UTR o bien acudir directamente a las instalaciones, ubicadas en el Complejo Tres Centurias y en las cuales se llevan con rigor las medidas sanitarias preventivas.<\/p>\n","protected":false},"excerpt":{"rendered":"<p>En una nueva edici\u00f3n del programa Conexi\u00f3n Contigo, conducido por el Coordinador de Comunicaci\u00f3n Social, Jorge L\u00f3pez Mart\u00edn, se llev\u00f3 hasta la ciudadan\u00eda la nueva oferta que el Gobierno del Estado pone a disposici\u00f3n de las y los aguascalentenses, con la finalidad de dotarlos de herramientas que permitan su competitivo desarrollo en el \u00e1mbito estudiantil [&hellip;]<\/p>\n","protected":false},"author":1,"featured_media":13278,"comment_status":"closed","ping_status":"open","sticky":false,"template":"","format":"standard","meta":{"advanced_seo_description":"","jetpack_seo_html_title":"","jetpack_seo_noindex":false,"_jetpack_memberships_contains_paid_content":false,"footnotes":"","jetpack_publicize_message":"","jetpack_publicize_feature_enabled":true,"jetpack_social_post_already_shared":true,"jetpack_social_options":{"image_generator_settings":{"template":"highway","default_image_id":0,"font":"","enabled":false},"version":2}},"categories":[21,4],"tags":[22,334],"class_list":["post-13277","post","type-post","status-publish","format-standard","has-post-thumbnail","hentry","category-aguascalientes","category-gobierno-del-estado-aguascalientes","tag-aguascalientes","tag-comunicacion-social-gobierno-del-estado-de-aguascalientes"],"jetpack_publicize_connections":[],"jetpack_featured_media_url":"https:\/\/i0.wp.com\/informativoelvalledeaguascalientes.online\/wp-content\/uploads\/2020\/11\/conexion_gob_edo_04112020.jpg?fit=1188%2C890&ssl=1","jetpack-related-posts":[],"jetpack_sharing_enabled":true,"jetpack_likes_enabled":true,"_links":{"self":[{"href":"https:\/\/informativoelvalledeaguascalientes.online\/index.php?rest_route=\/wp\/v2\/posts\/13277","targetHints":{"allow":["GET"]}}],"collection":[{"href":"https:\/\/informativoelvalledeaguascalientes.online\/index.php?rest_route=\/wp\/v2\/posts"}],"about":[{"href":"https:\/\/informativoelvalledeaguascalientes.online\/index.php?rest_route=\/wp\/v2\/types\/post"}],"author":[{"embeddable":true,"href":"https:\/\/informativoelvalledeaguascalientes.online\/index.php?rest_route=\/wp\/v2\/users\/1"}],"replies":[{"embeddable":true,"href":"https:\/\/informativoelvalledeaguascalientes.online\/index.php?rest_route=%2Fwp%2Fv2%2Fcomments&post=13277"}],"version-history":[{"count":1,"href":"https:\/\/informativoelvalledeaguascalientes.online\/index.php?rest_route=\/wp\/v2\/posts\/13277\/revisions"}],"predecessor-version":[{"id":13279,"href":"https:\/\/informativoelvalledeaguascalientes.online\/index.php?rest_route=\/wp\/v2\/posts\/13277\/revisions\/13279"}],"wp:featuredmedia":[{"embeddable":true,"href":"https:\/\/informativoelvalledeaguascalientes.online\/index.php?rest_route=\/wp\/v2\/media\/13278"}],"wp:attachment":[{"href":"https:\/\/informativoelvalledeaguascalientes.online\/index.php?rest_route=%2Fwp%2Fv2%2Fmedia&parent=13277"}],"wp:term":[{"taxonomy":"category","embeddable":true,"href":"https:\/\/informativoelvalledeaguascalientes.online\/index.php?rest_route=%2Fwp%2Fv2%2Fcategories&post=13277"},{"taxonomy":"post_tag","embeddable":true,"href":"https:\/\/informativoelvalledeaguascalientes.online\/index.php?rest_route=%2Fwp%2Fv2%2Ftags&post=13277"}],"curies":[{"name":"wp","href":"https:\/\/api.w.org\/{rel}","templated":true}]}}