{"id":13257,"date":"2020-11-04T00:31:58","date_gmt":"2020-11-04T06:31:58","guid":{"rendered":"https:\/\/informativoelvalledeaguascalientes.online\/?p=13257"},"modified":"2020-11-04T00:31:58","modified_gmt":"2020-11-04T06:31:58","slug":"el-pri-se-declara-listo-para-el-arranque-del-proceso-local-electoral-2020-2021","status":"publish","type":"post","link":"https:\/\/informativoelvalledeaguascalientes.online\/?p=13257","title":{"rendered":"EL PRI SE DECLARA LISTO PARA EL ARRANQUE DEL PROCESO LOCAL ELECTORAL 2020-2021"},"content":{"rendered":"<p style=\"font-weight: 400;\">Al igual que el proceso electoral federal, al iniciar el local en el PRI nos declaramos listos para la contienda, asegur\u00f3 el presidente del Comit\u00e9 Directivo, Herminio Ventura Rodr\u00edguez.<\/p>\n<p style=\"font-weight: 400;\">\n<p style=\"font-weight: 400;\">Junto con la secretaria del CDE del PRI, Leslie Atilano Tapia; del delegado del CEN del PRI, Luis Antonio Mu\u00f1oz Mosqueda, los secretarios: adjunto de la presidencia, Pilar Moreno Montoya; de operaci\u00f3n pol\u00edtica, Francisco Guel Sosa y de organizaci\u00f3n, Juan Eduardo Hern\u00e1ndez Tavera, encabezaron una reuni\u00f3n de trabajo con los presidentes de los Comit\u00e9s Municipales del PRI, junto con los delegados y subdelegados pol\u00edticos.<\/p>\n<p style=\"font-weight: 400;\">\n<p style=\"font-weight: 400;\">En el evento el presidente Herminio Ventura, se dijo respetuoso del Instituto Nacional Electoral y de igual manera del Instituto Estatal Electoral de Aguascalientes, \u00f3rganos comiciales \u00e1rbitros de la contienda.<\/p>\n<p style=\"font-weight: 400;\">\n<p style=\"font-weight: 400;\">\u201cDesde el PRI nos comprometemos a guardar absoluto respeto y confianza a las instituciones electorales, as\u00ed como a la legalidad que ambas garanticen para las contiendas federal y local en Aguascalientes\u201d.<\/p>\n<p style=\"font-weight: 400;\">\n<p style=\"font-weight: 400;\">Destac\u00f3 que como instituto pol\u00edtico nos venimos preparando renovando nuestras estructuras, estatutos y con el gran respaldo del presidente nacional del PRI, Alejandro Moreno C\u00e1rdenas.<\/p>\n<p style=\"font-weight: 400;\">\n<p style=\"font-weight: 400;\">\u201cSeremos participantes propositivos en las elecciones del presente a\u00f1o electoral, de igual manera hemos sido y seremos respetuosos de los calendarios electorales, mientras tanto seguimos trabajando con nuestra plataforma electoral, oferta pol\u00edtica y con las mujeres, as\u00ed como hombres valiosos que ser\u00e1n nuestros abanderados, cubriendo la equidad de g\u00e9nero, las candidaturas para los j\u00f3venes\u201d.<\/p>\n<p style=\"font-weight: 400;\">\n<p style=\"font-weight: 400;\">Para concluir del tema de convocatorias para aspirantes a candidatos en la segunda quincena de diciembre del presente a\u00f1o 2020 podr\u00edamos comenzar a tener los nombres de los posibles contendientes, siendo 6 mujeres y 5 hombres para los 11 municipios, y los correspondientes para las 3 diputaciones federales y los 18 distritos locales.<\/p>\n","protected":false},"excerpt":{"rendered":"<p>Al igual que el proceso electoral federal, al iniciar el local en el PRI nos declaramos listos para la contienda, asegur\u00f3 el presidente del Comit\u00e9 Directivo, Herminio Ventura Rodr\u00edguez. Junto con la secretaria del CDE del PRI, Leslie Atilano Tapia; del delegado del CEN del PRI, Luis Antonio Mu\u00f1oz Mosqueda, los secretarios: adjunto de la [&hellip;]<\/p>\n","protected":false},"author":1,"featured_media":13258,"comment_status":"closed","ping_status":"open","sticky":false,"template":"","format":"standard","meta":{"advanced_seo_description":"","jetpack_seo_html_title":"","jetpack_seo_noindex":false,"_jetpack_memberships_contains_paid_content":false,"footnotes":"","jetpack_publicize_message":"","jetpack_publicize_feature_enabled":true,"jetpack_social_post_already_shared":true,"jetpack_social_options":{"image_generator_settings":{"template":"highway","default_image_id":0,"font":"","enabled":false},"version":2}},"categories":[21,19,6,9],"tags":[22,33],"class_list":["post-13257","post","type-post","status-publish","format-standard","has-post-thumbnail","hentry","category-aguascalientes","category-informacion-general","category-partidos-politicos","category-pri-aguascalientes","tag-aguascalientes","tag-pri-aguascalientes-cde"],"jetpack_publicize_connections":[],"jetpack_featured_media_url":"https:\/\/i0.wp.com\/informativoelvalledeaguascalientes.online\/wp-content\/uploads\/2020\/11\/pri_ags_cde_03112020.jpg?fit=940%2C625&ssl=1","jetpack-related-posts":[],"jetpack_sharing_enabled":true,"jetpack_likes_enabled":true,"_links":{"self":[{"href":"https:\/\/informativoelvalledeaguascalientes.online\/index.php?rest_route=\/wp\/v2\/posts\/13257","targetHints":{"allow":["GET"]}}],"collection":[{"href":"https:\/\/informativoelvalledeaguascalientes.online\/index.php?rest_route=\/wp\/v2\/posts"}],"about":[{"href":"https:\/\/informativoelvalledeaguascalientes.online\/index.php?rest_route=\/wp\/v2\/types\/post"}],"author":[{"embeddable":true,"href":"https:\/\/informativoelvalledeaguascalientes.online\/index.php?rest_route=\/wp\/v2\/users\/1"}],"replies":[{"embeddable":true,"href":"https:\/\/informativoelvalledeaguascalientes.online\/index.php?rest_route=%2Fwp%2Fv2%2Fcomments&post=13257"}],"version-history":[{"count":1,"href":"https:\/\/informativoelvalledeaguascalientes.online\/index.php?rest_route=\/wp\/v2\/posts\/13257\/revisions"}],"predecessor-version":[{"id":13259,"href":"https:\/\/informativoelvalledeaguascalientes.online\/index.php?rest_route=\/wp\/v2\/posts\/13257\/revisions\/13259"}],"wp:featuredmedia":[{"embeddable":true,"href":"https:\/\/informativoelvalledeaguascalientes.online\/index.php?rest_route=\/wp\/v2\/media\/13258"}],"wp:attachment":[{"href":"https:\/\/informativoelvalledeaguascalientes.online\/index.php?rest_route=%2Fwp%2Fv2%2Fmedia&parent=13257"}],"wp:term":[{"taxonomy":"category","embeddable":true,"href":"https:\/\/informativoelvalledeaguascalientes.online\/index.php?rest_route=%2Fwp%2Fv2%2Fcategories&post=13257"},{"taxonomy":"post_tag","embeddable":true,"href":"https:\/\/informativoelvalledeaguascalientes.online\/index.php?rest_route=%2Fwp%2Fv2%2Ftags&post=13257"}],"curies":[{"name":"wp","href":"https:\/\/api.w.org\/{rel}","templated":true}]}}