{"id":13254,"date":"2020-11-04T00:27:29","date_gmt":"2020-11-04T06:27:29","guid":{"rendered":"https:\/\/informativoelvalledeaguascalientes.online\/?p=13254"},"modified":"2020-11-04T00:27:29","modified_gmt":"2020-11-04T06:27:29","slug":"es-el-momento-crucial-para-disminuir-contagios-y-numero-personas-que-requieren-hospitalizacion-martin-orozco","status":"publish","type":"post","link":"https:\/\/informativoelvalledeaguascalientes.online\/?p=13254","title":{"rendered":"ES EL MOMENTO CRUCIAL PARA DISMINUIR CONTAGIOS Y N\u00daMERO PERSONAS QUE REQUIEREN HOSPITALIZACI\u00d3N: MART\u00cdN OROZCO"},"content":{"rendered":"<ul>\n<li dir=\"ltr\">\n<p dir=\"ltr\">El mandatario hizo un llamado a toda la poblaci\u00f3n a valorar el trabajo y esfuerzo del personal m\u00e9dico que combate al COVID-19<\/p>\n<\/li>\n<li dir=\"ltr\">\n<p dir=\"ltr\">MOS invit\u00f3 a no acudir a eventos masivos, lugares con altas concentraciones y a no organizar fiestas familiares<\/p>\n<\/li>\n<\/ul>\n<p dir=\"ltr\">Si bien Aguascalientes no atraviesa por una situaci\u00f3n alarmante respecto a la pandemia por COVID-19, se ha observado un aumento en los contagios y en el n\u00famero de personas que requieren hospitalizaci\u00f3n, por ello, es crucial este momento para reducir la positividad del virus y salvar m\u00e1s vidas; as\u00ed manifest\u00f3 el gobernador Mart\u00edn Orozco Sandoval.<\/p>\n<p dir=\"ltr\">El mandatario hizo un llamado a toda la poblaci\u00f3n a valorar el trabajo y esfuerzo que realizan todos los d\u00edas -desde hace ocho meses aproximadamente- los m\u00e9dicos, enfermeras, enfermeros, camilleros, brigadistas, laboratoristas y personal de limpieza; as\u00ed como a ser solidarios y emp\u00e1ticos con ellas y ellos para juntos salir adelante de esta pandemia.<\/p>\n<p dir=\"ltr\">Al encabezar un recorrido por el Centenario Hospital Miguel Hidalgo para conocer la situaci\u00f3n de su personal y de las instalaciones, Orozco Sandoval enfatiz\u00f3 que para combatir esta emergencia de salud es necesaria la respuesta contundente de los ciudadanos y de las autoridades municipales, por ello invit\u00f3 a no acudir a eventos masivos, lugares con altas concentraciones y a no organizar fiestas familiares, pues estamos en d\u00edas claves en la lucha contra el coronavirus.<\/p>\n<p dir=\"ltr\">Por otro lado, apunt\u00f3 que aunque el sector de salud de Aguascalientes es fuerte y cuenta con suficiencia de camas y ventiladores para atender a quienes as\u00ed lo necesiten, el prevenir es la mejor opci\u00f3n ya que poniendo en pr\u00e1ctica todas las medidas sanitarias estaremos salvando la vida de aguascalentenses.<\/p>\n<p dir=\"ltr\">Por \u00faltimo, tambi\u00e9n reconoci\u00f3 a quienes s\u00ed est\u00e1n cumpliendo con todas las medidas y que con su actuar fomentan el cumplimiento de las reglas que su gobierno ha propuesto para no cerrar completamente los negocios y comercios, preservando el empleo de muchas familias.<\/p>\n","protected":false},"excerpt":{"rendered":"<p>El mandatario hizo un llamado a toda la poblaci\u00f3n a valorar el trabajo y esfuerzo del personal m\u00e9dico que combate al COVID-19 MOS invit\u00f3 a no acudir a eventos masivos, lugares con altas concentraciones y a no organizar fiestas familiares Si bien Aguascalientes no atraviesa por una situaci\u00f3n alarmante respecto a la pandemia por COVID-19, [&hellip;]<\/p>\n","protected":false},"author":1,"featured_media":13255,"comment_status":"closed","ping_status":"open","sticky":false,"template":"","format":"standard","meta":{"advanced_seo_description":"","jetpack_seo_html_title":"","jetpack_seo_noindex":false,"_jetpack_memberships_contains_paid_content":false,"footnotes":"","jetpack_publicize_message":"","jetpack_publicize_feature_enabled":true,"jetpack_social_post_already_shared":true,"jetpack_social_options":{"image_generator_settings":{"template":"highway","default_image_id":0,"font":"","enabled":false},"version":2}},"categories":[21,4],"tags":[22,173,30,31],"class_list":["post-13254","post","type-post","status-publish","format-standard","has-post-thumbnail","hentry","category-aguascalientes","category-gobierno-del-estado-aguascalientes","tag-aguascalientes","tag-chmh","tag-issea","tag-mos"],"jetpack_publicize_connections":[],"jetpack_featured_media_url":"https:\/\/i0.wp.com\/informativoelvalledeaguascalientes.online\/wp-content\/uploads\/2020\/11\/mos_issea_03112020.jpg?fit=1280%2C981&ssl=1","jetpack-related-posts":[],"jetpack_sharing_enabled":true,"jetpack_likes_enabled":true,"_links":{"self":[{"href":"https:\/\/informativoelvalledeaguascalientes.online\/index.php?rest_route=\/wp\/v2\/posts\/13254","targetHints":{"allow":["GET"]}}],"collection":[{"href":"https:\/\/informativoelvalledeaguascalientes.online\/index.php?rest_route=\/wp\/v2\/posts"}],"about":[{"href":"https:\/\/informativoelvalledeaguascalientes.online\/index.php?rest_route=\/wp\/v2\/types\/post"}],"author":[{"embeddable":true,"href":"https:\/\/informativoelvalledeaguascalientes.online\/index.php?rest_route=\/wp\/v2\/users\/1"}],"replies":[{"embeddable":true,"href":"https:\/\/informativoelvalledeaguascalientes.online\/index.php?rest_route=%2Fwp%2Fv2%2Fcomments&post=13254"}],"version-history":[{"count":1,"href":"https:\/\/informativoelvalledeaguascalientes.online\/index.php?rest_route=\/wp\/v2\/posts\/13254\/revisions"}],"predecessor-version":[{"id":13256,"href":"https:\/\/informativoelvalledeaguascalientes.online\/index.php?rest_route=\/wp\/v2\/posts\/13254\/revisions\/13256"}],"wp:featuredmedia":[{"embeddable":true,"href":"https:\/\/informativoelvalledeaguascalientes.online\/index.php?rest_route=\/wp\/v2\/media\/13255"}],"wp:attachment":[{"href":"https:\/\/informativoelvalledeaguascalientes.online\/index.php?rest_route=%2Fwp%2Fv2%2Fmedia&parent=13254"}],"wp:term":[{"taxonomy":"category","embeddable":true,"href":"https:\/\/informativoelvalledeaguascalientes.online\/index.php?rest_route=%2Fwp%2Fv2%2Fcategories&post=13254"},{"taxonomy":"post_tag","embeddable":true,"href":"https:\/\/informativoelvalledeaguascalientes.online\/index.php?rest_route=%2Fwp%2Fv2%2Ftags&post=13254"}],"curies":[{"name":"wp","href":"https:\/\/api.w.org\/{rel}","templated":true}]}}