{"id":13219,"date":"2020-11-02T21:55:04","date_gmt":"2020-11-03T03:55:04","guid":{"rendered":"https:\/\/informativoelvalledeaguascalientes.online\/?p=13219"},"modified":"2020-11-02T21:55:04","modified_gmt":"2020-11-03T03:55:04","slug":"la-fb-y-bohn-mikels-trucks-regresa-al-ovalo-aguascalientes-mexico","status":"publish","type":"post","link":"https:\/\/informativoelvalledeaguascalientes.online\/?p=13219","title":{"rendered":"La FB y BOHN Mikel\u2019s Trucks regresa al \u00d3valo Aguascalientes M\u00e9xico"},"content":{"rendered":"<p style=\"font-weight: 400;\">La espectacularidad de la <strong>FB y BOHN Mikel\u2019s Trucks<\/strong><strong>\u00a0presentado por Sherwin-Williams,\u00a0<\/strong>regresa este 6 de noviembre al\u00a0<strong>\u00d3valo Aguascalientes M\u00e9xico<\/strong>\u00a0para vivir la octava fecha de la temporada 2020, que actualmente vive una dura lucha por el campeonato liderado por Andr\u00e9s P\u00e9rez de Lara.<\/p>\n<p style=\"font-weight: 400;\">\n<p style=\"font-weight: 400;\">Una nunca es suficiente y es momento de que el campeonato de desarrollo m\u00e1s importante de nuestro pa\u00eds llegue a por segunda ocasi\u00f3n a tierras hidroc\u00e1lidas en el presente a\u00f1o, en donde Francisco Ablanedo result\u00f3 vencedor en una batalla emocionante con su compa\u00f1ero de equipo, Juan A. Reyes.<\/p>\n<p style=\"font-weight: 400;\">\n<p style=\"font-weight: 400;\">Ahora, a\u00fan bajo competencias a puerta cerrada, es el joven piloto Andr\u00e9s P\u00e9rez de Lara quien se encuentra marcando el ritmo en la tabla general, siendo el piloto m\u00e1s constante al tener el mayor n\u00famero de apariciones en el podio. Esto le ha valido sumar 346 puntos para ser el l\u00edder absoluto a 3 fechas del final.<\/p>\n<p style=\"font-weight: 400;\">\n<p style=\"font-weight: 400;\">Sigui\u00e9ndole se encuentran Giancarlo Vecchi (318 pts.) y Regina Sirvent (314 pts.), quienes a\u00fan pueden acortar distancia respecto a P\u00e9rez de Lara si se combinan buenos resultados con un tropiezo del puntero.<\/p>\n<p style=\"font-weight: 400;\">\n<p style=\"font-weight: 400;\">M\u00e1s atr\u00e1s, cerrando el Top-5 est\u00e1 Francisco Ablanedo (301 pts.) y el m\u00e1s reciente ganador, Juan A. Reyes (290 pts.) quien le diera al equipo potosino,\u00a0<strong>Dynamic Motorsport<\/strong>, su triunfo #40 en la historia en una carrera emocionante en el\u00a0<strong>S\u00faper \u00d3valo Potosino<\/strong>.<\/p>\n<p style=\"font-weight: 400;\">\n<p style=\"font-weight: 400;\">Con estrictas medidas de sanidad dictadas por las autoridades pertinentes, se correr\u00e1 la octava de 10 fechas marcadas en el calendario, siendo el \u00f3valo de\u00a01.4\u00a0km el reto para todos los pilotos en un solo d\u00eda de actividades como parte del programa.<\/p>\n<p style=\"font-weight: 400;\">\n<p style=\"font-weight: 400;\">6 de noviembre es la fecha marcada para que la\u00a0<strong>FB y BOHN Mikel\u2019s Trucks presentado por Sherwin-Williams\u00a0<\/strong>se enfrente junto a\u00a0<strong>NASCAR PEAK M\u00e9xico Series,\u00a0<\/strong>por segunda ocasi\u00f3n en el a\u00f1o al\u00a0<strong>\u00d3valo Aguascalientes M\u00e9xico<\/strong>.<\/p>\n","protected":false},"excerpt":{"rendered":"<p>La espectacularidad de la FB y BOHN Mikel\u2019s Trucks\u00a0presentado por Sherwin-Williams,\u00a0regresa este 6 de noviembre al\u00a0\u00d3valo Aguascalientes M\u00e9xico\u00a0para vivir la octava fecha de la temporada 2020, que actualmente vive una dura lucha por el campeonato liderado por Andr\u00e9s P\u00e9rez de Lara. Una nunca es suficiente y es momento de que el campeonato de desarrollo m\u00e1s [&hellip;]<\/p>\n","protected":false},"author":1,"featured_media":13220,"comment_status":"closed","ping_status":"open","sticky":false,"template":"","format":"standard","meta":{"advanced_seo_description":"","jetpack_seo_html_title":"","jetpack_seo_noindex":false,"_jetpack_memberships_contains_paid_content":false,"footnotes":"","jetpack_publicize_message":"","jetpack_publicize_feature_enabled":true,"jetpack_social_post_already_shared":true,"jetpack_social_options":{"image_generator_settings":{"template":"highway","default_image_id":0,"font":"","enabled":false},"version":2}},"categories":[21,19],"tags":[22,291],"class_list":["post-13219","post","type-post","status-publish","format-standard","has-post-thumbnail","hentry","category-aguascalientes","category-informacion-general","tag-aguascalientes","tag-nascar-peak-mexico-series"],"jetpack_publicize_connections":[],"jetpack_featured_media_url":"https:\/\/i0.wp.com\/informativoelvalledeaguascalientes.online\/wp-content\/uploads\/2020\/11\/nascar-peak_02112020.jpg?fit=852%2C568&ssl=1","jetpack-related-posts":[],"jetpack_sharing_enabled":true,"jetpack_likes_enabled":true,"_links":{"self":[{"href":"https:\/\/informativoelvalledeaguascalientes.online\/index.php?rest_route=\/wp\/v2\/posts\/13219","targetHints":{"allow":["GET"]}}],"collection":[{"href":"https:\/\/informativoelvalledeaguascalientes.online\/index.php?rest_route=\/wp\/v2\/posts"}],"about":[{"href":"https:\/\/informativoelvalledeaguascalientes.online\/index.php?rest_route=\/wp\/v2\/types\/post"}],"author":[{"embeddable":true,"href":"https:\/\/informativoelvalledeaguascalientes.online\/index.php?rest_route=\/wp\/v2\/users\/1"}],"replies":[{"embeddable":true,"href":"https:\/\/informativoelvalledeaguascalientes.online\/index.php?rest_route=%2Fwp%2Fv2%2Fcomments&post=13219"}],"version-history":[{"count":1,"href":"https:\/\/informativoelvalledeaguascalientes.online\/index.php?rest_route=\/wp\/v2\/posts\/13219\/revisions"}],"predecessor-version":[{"id":13221,"href":"https:\/\/informativoelvalledeaguascalientes.online\/index.php?rest_route=\/wp\/v2\/posts\/13219\/revisions\/13221"}],"wp:featuredmedia":[{"embeddable":true,"href":"https:\/\/informativoelvalledeaguascalientes.online\/index.php?rest_route=\/wp\/v2\/media\/13220"}],"wp:attachment":[{"href":"https:\/\/informativoelvalledeaguascalientes.online\/index.php?rest_route=%2Fwp%2Fv2%2Fmedia&parent=13219"}],"wp:term":[{"taxonomy":"category","embeddable":true,"href":"https:\/\/informativoelvalledeaguascalientes.online\/index.php?rest_route=%2Fwp%2Fv2%2Fcategories&post=13219"},{"taxonomy":"post_tag","embeddable":true,"href":"https:\/\/informativoelvalledeaguascalientes.online\/index.php?rest_route=%2Fwp%2Fv2%2Ftags&post=13219"}],"curies":[{"name":"wp","href":"https:\/\/api.w.org\/{rel}","templated":true}]}}