{"id":13167,"date":"2020-10-30T16:47:06","date_gmt":"2020-10-30T22:47:06","guid":{"rendered":"https:\/\/informativoelvalledeaguascalientes.online\/?p=13167"},"modified":"2020-10-30T16:47:06","modified_gmt":"2020-10-30T22:47:06","slug":"inauguran-ica-e-iea-exposicion-de-manuel-felguerez","status":"publish","type":"post","link":"https:\/\/informativoelvalledeaguascalientes.online\/?p=13167","title":{"rendered":"INAUGURAN ICA E IEA EXPOSICI\u00d3N DE MANUEL FELGU\u00c9REZ"},"content":{"rendered":"<p dir=\"ltr\">\n<p dir=\"ltr\">\n<ul>\n<li dir=\"ltr\">\n<p dir=\"ltr\">Titulares de ambas dependencias destacan proyectos que se han emprendido para el beneficio de alumnos de educaci\u00f3n b\u00e1sica, media y superior<\/p>\n<\/li>\n<li dir=\"ltr\">\n<p dir=\"ltr\">La exposici\u00f3n Met\u00e1foras se conforma de 19 piezas que resaltan la trayectoria de Felgu\u00e9rez<\/p>\n<\/li>\n<\/ul>\n<p dir=\"ltr\">\n<p dir=\"ltr\">Continuando con la articulaci\u00f3n de proyectos transversales en beneficio de la poblaci\u00f3n, en los temas de educaci\u00f3n y cultura, en el Museo de Aguascalientes se inaugur\u00f3 simb\u00f3licamente la exposici\u00f3n \u201cMet\u00e1foras\u201d, de Manuel Felgu\u00e9rez.<\/p>\n<p>&nbsp;<\/p>\n<p dir=\"ltr\">Con la presencia de la titular del Instituto Cultural de Aguascalientes, Claudia Santa Ana Zald\u00edvar y del director del Instituto de Educaci\u00f3n de la entidad, Ra\u00fal Silva Perezchica, se dio a conocer que esta exposici\u00f3n resalta la trayectoria de Felgu\u00e9rez a trav\u00e9s de nueve \u00f3leos de gran formato; de seis piezas de gr\u00e1fica, algunas de ellas realizadas en el taller del Museo Jos\u00e9 Guadalupe Posada en el a\u00f1o 2000; as\u00ed como de tres esculturas y una litograf\u00eda, conformando un total de 19 piezas.<\/p>\n<p>&nbsp;<\/p>\n<p dir=\"ltr\">Cabe se\u00f1alar que la exposici\u00f3n \u201cMet\u00e1foras\u201d est\u00e1 coordinada por el Museo de Aguascalientes y el Museo de Arte Abstracto Manuel Felgu\u00e9rez. La exhibici\u00f3n se encontrar\u00e1 del 30 de octubre de 2020 al 28 de marzo de 2021 en la sala Francisco D\u00edaz de Le\u00f3n del Museo de Aguascalientes.<\/p>\n<p>&nbsp;<\/p>\n<p dir=\"ltr\">Los funcionarios estatales aprovecharon esta ocasi\u00f3n para exponer diversos proyectos de vinculaci\u00f3n entre el sector cultural y educativo entre los que destacaron la firma de convenio ICA-IEA para el proyecto Artenautas, el Programa Nacional de Teatro Escolar, la inclusi\u00f3n de los Servicios Educativos en Museos y Galer\u00edas en el Programa ICAlternativo, los Conciertos Did\u00e1cticos con la OSA y con diferentes agrupaciones, en la Sala de Conciertos y otras sedes; beneficiando a la comunidad escolar de nivel b\u00e1sico.<\/p>\n<p>&nbsp;<\/p>\n<p dir=\"ltr\">Igualmente, para educaci\u00f3n media y superior, se concret\u00f3 el proyecto de M\u00e1quinas Voladoras en Universidades Tecnol\u00f3gicas; as\u00ed como la incorporaci\u00f3n del Bachillerato de Artes y Humanidades \u201cJos\u00e9 Guadalupe Posada\u201d (BAH), administrado por el IEA, al ecosistema educativo del ICA.<\/p>\n<p dir=\"ltr\">\n<p dir=\"ltr\">Adem\u00e1s, se resalt\u00f3 la invitaci\u00f3n del ICA para que el IEA participe en el Programa Estatal de Fomento a la Lectura y la inclusi\u00f3n del Instituto de Educaci\u00f3n en el Consejo Ejecutivo del proyecto Geoparque Aguascalientes.<\/p>\n<p>&nbsp;<\/p>\n<p dir=\"ltr\">Es importante se\u00f1alar que en este evento tambi\u00e9n se cont\u00f3 con la participaci\u00f3n del rector de la Universidad Polit\u00e9cnica de Aguascalientes, Luis Carlos Ibarra Tejeda; y de\u00a0 Jos\u00e9 Luis Quiroz Frausto, coordinador del museo; adem\u00e1s de algunos colaboradores del ICA.<\/p>\n<p dir=\"ltr\">\n","protected":false},"excerpt":{"rendered":"<p>Titulares de ambas dependencias destacan proyectos que se han emprendido para el beneficio de alumnos de educaci\u00f3n b\u00e1sica, media y superior La exposici\u00f3n Met\u00e1foras se conforma de 19 piezas que resaltan la trayectoria de Felgu\u00e9rez Continuando con la articulaci\u00f3n de proyectos transversales en beneficio de la poblaci\u00f3n, en los temas de educaci\u00f3n y cultura, en [&hellip;]<\/p>\n","protected":false},"author":1,"featured_media":13168,"comment_status":"closed","ping_status":"open","sticky":false,"template":"","format":"standard","meta":{"advanced_seo_description":"","jetpack_seo_html_title":"","jetpack_seo_noindex":false,"_jetpack_memberships_contains_paid_content":false,"footnotes":"","jetpack_publicize_message":"","jetpack_publicize_feature_enabled":true,"jetpack_social_post_already_shared":true,"jetpack_social_options":{"image_generator_settings":{"template":"highway","default_image_id":0,"font":"","enabled":false},"version":2}},"categories":[21,4],"tags":[22,52,39],"class_list":["post-13167","post","type-post","status-publish","format-standard","has-post-thumbnail","hentry","category-aguascalientes","category-gobierno-del-estado-aguascalientes","tag-aguascalientes","tag-ica","tag-iea"],"jetpack_publicize_connections":[],"jetpack_featured_media_url":"https:\/\/i0.wp.com\/informativoelvalledeaguascalientes.online\/wp-content\/uploads\/2020\/10\/Inauguraci%C3%B3n-Felgu%C3%A9rez-4.jpg?fit=1680%2C1120&ssl=1","jetpack-related-posts":[],"jetpack_sharing_enabled":true,"jetpack_likes_enabled":true,"_links":{"self":[{"href":"https:\/\/informativoelvalledeaguascalientes.online\/index.php?rest_route=\/wp\/v2\/posts\/13167","targetHints":{"allow":["GET"]}}],"collection":[{"href":"https:\/\/informativoelvalledeaguascalientes.online\/index.php?rest_route=\/wp\/v2\/posts"}],"about":[{"href":"https:\/\/informativoelvalledeaguascalientes.online\/index.php?rest_route=\/wp\/v2\/types\/post"}],"author":[{"embeddable":true,"href":"https:\/\/informativoelvalledeaguascalientes.online\/index.php?rest_route=\/wp\/v2\/users\/1"}],"replies":[{"embeddable":true,"href":"https:\/\/informativoelvalledeaguascalientes.online\/index.php?rest_route=%2Fwp%2Fv2%2Fcomments&post=13167"}],"version-history":[{"count":1,"href":"https:\/\/informativoelvalledeaguascalientes.online\/index.php?rest_route=\/wp\/v2\/posts\/13167\/revisions"}],"predecessor-version":[{"id":13169,"href":"https:\/\/informativoelvalledeaguascalientes.online\/index.php?rest_route=\/wp\/v2\/posts\/13167\/revisions\/13169"}],"wp:featuredmedia":[{"embeddable":true,"href":"https:\/\/informativoelvalledeaguascalientes.online\/index.php?rest_route=\/wp\/v2\/media\/13168"}],"wp:attachment":[{"href":"https:\/\/informativoelvalledeaguascalientes.online\/index.php?rest_route=%2Fwp%2Fv2%2Fmedia&parent=13167"}],"wp:term":[{"taxonomy":"category","embeddable":true,"href":"https:\/\/informativoelvalledeaguascalientes.online\/index.php?rest_route=%2Fwp%2Fv2%2Fcategories&post=13167"},{"taxonomy":"post_tag","embeddable":true,"href":"https:\/\/informativoelvalledeaguascalientes.online\/index.php?rest_route=%2Fwp%2Fv2%2Ftags&post=13167"}],"curies":[{"name":"wp","href":"https:\/\/api.w.org\/{rel}","templated":true}]}}