{"id":13129,"date":"2020-10-29T19:47:10","date_gmt":"2020-10-30T01:47:10","guid":{"rendered":"https:\/\/informativoelvalledeaguascalientes.online\/?p=13129"},"modified":"2020-10-29T19:47:10","modified_gmt":"2020-10-30T01:47:10","slug":"inicia-issea-jornadas-de-sanitizacion-de-calles-del-centro-historico-de-aguascaliente","status":"publish","type":"post","link":"https:\/\/informativoelvalledeaguascalientes.online\/?p=13129","title":{"rendered":"INICIA ISSEA JORNADAS DE SANITIZACI\u00d3N DE CALLES DEL CENTRO HIST\u00d3RICO DE AGUASCALIENTE"},"content":{"rendered":"<p dir=\"ltr\">\n<p>&nbsp;<\/p>\n<ul>\n<li dir=\"ltr\">\n<p dir=\"ltr\">Los d\u00edas 30 y 31 de octubre continuar\u00e1n las jornadas matutinas de higienizaci\u00f3n en varias calles y avenidas<\/p>\n<\/li>\n<li dir=\"ltr\">\n<p dir=\"ltr\">La Secretar\u00eda de Salud en el estado lleva a cabo acciones efectivas de combate a la pandemia para que la poblaci\u00f3n haga uso de espacios p\u00fablicos seguros<\/p>\n<\/li>\n<\/ul>\n<p>&nbsp;<\/p>\n<p dir=\"ltr\">Como parte de las actividades en materia de control sanitario, el Instituto de Servicios de Salud del Estado de Aguascalientes (ISSEA) contin\u00faa con las acciones de sanitizaci\u00f3n en las principales calles del centro hist\u00f3rico de la ciudad capital, para garantizar espacios libres de coronavirus (COVID-19) y con menos riesgos de contagio para la poblaci\u00f3n.<\/p>\n<p>&nbsp;<\/p>\n<p dir=\"ltr\">El director de Regulaci\u00f3n Sanitaria del ISSEA, Octavio Jim\u00e9nez Mac\u00edas, inform\u00f3 que con el apoyo de la Secretar\u00eda de Desarrollo Rural y Agroempresarial de Aguascalientes (SEDRAE), se llevaron a cabo los trabajos de higienizaci\u00f3n de la avenida Adolfo L\u00f3pez Mateos esquina con Jos\u00e9 Mar\u00eda Ch\u00e1vez, siguiendo por la calle 5 de Mayo hasta llegar al Jard\u00edn Carpio, donde se cubri\u00f3 el \u00e1rea de los vendedores ambulantes que se encuentran en la zona.<\/p>\n<p>&nbsp;<\/p>\n<p dir=\"ltr\">Inform\u00f3 que el viernes 30 de octubre, a partir de las 06:00 horas, continuar\u00e1n sanitizando por la calle Jos\u00e9 Mar\u00eda Arteaga esquina con Ignacio Zaragoza, para hacer un recorrido por la calle Morelos hasta la avenida Adolfo L\u00f3pez Mateos.<\/p>\n<p>&nbsp;<\/p>\n<p dir=\"ltr\">Jim\u00e9nez Mac\u00edas a\u00f1adi\u00f3 que el s\u00e1bado 31 de octubre, en el mismo horario, iniciar\u00e1n en la calle Victoria esquina con Petr\u00f3leos Mexicanos, para continuar hasta la Catedral, seguir por la calle Moctezuma, luego Venustiano Carranza, hasta llegar al Jard\u00edn de San Marcos.<\/p>\n<p>&nbsp;<\/p>\n<p dir=\"ltr\">Se\u00f1al\u00f3 que para estas jornadas de higienizaci\u00f3n del centro de Aguascalientes se requerir\u00e1n cinco mil litros de agua con soluci\u00f3n sanitizante, suficientes para eliminar la presencia del virus SARS-CoV-2 en la v\u00eda p\u00fablica.<\/p>\n<p>&nbsp;<\/p>\n<p dir=\"ltr\">Finalmente, el director de Regulaci\u00f3n Sanitaria reiter\u00f3 que la Secretar\u00eda de Salud en el Estado est\u00e1 comprometida con llevar a cabo acciones efectivas de combate a la pandemia, para que la poblaci\u00f3n haga uso de espacios p\u00fablicos seguros.<\/p>\n","protected":false},"excerpt":{"rendered":"<p>&nbsp; Los d\u00edas 30 y 31 de octubre continuar\u00e1n las jornadas matutinas de higienizaci\u00f3n en varias calles y avenidas La Secretar\u00eda de Salud en el estado lleva a cabo acciones efectivas de combate a la pandemia para que la poblaci\u00f3n haga uso de espacios p\u00fablicos seguros &nbsp; Como parte de las actividades en materia de [&hellip;]<\/p>\n","protected":false},"author":1,"featured_media":13128,"comment_status":"closed","ping_status":"open","sticky":false,"template":"","format":"standard","meta":{"advanced_seo_description":"","jetpack_seo_html_title":"","jetpack_seo_noindex":false,"_jetpack_memberships_contains_paid_content":false,"footnotes":"","jetpack_publicize_message":"","jetpack_publicize_feature_enabled":true,"jetpack_social_post_already_shared":true,"jetpack_social_options":{"image_generator_settings":{"template":"highway","default_image_id":0,"font":"","enabled":false},"version":2}},"categories":[21,4],"tags":[22,30],"class_list":["post-13129","post","type-post","status-publish","format-standard","has-post-thumbnail","hentry","category-aguascalientes","category-gobierno-del-estado-aguascalientes","tag-aguascalientes","tag-issea"],"jetpack_publicize_connections":[],"jetpack_featured_media_url":"https:\/\/i0.wp.com\/informativoelvalledeaguascalientes.online\/wp-content\/uploads\/2020\/10\/WhatsApp-Image-2020-10-29-at-12.30.59-PM.jpeg?fit=1280%2C960&ssl=1","jetpack-related-posts":[],"jetpack_sharing_enabled":true,"jetpack_likes_enabled":true,"_links":{"self":[{"href":"https:\/\/informativoelvalledeaguascalientes.online\/index.php?rest_route=\/wp\/v2\/posts\/13129","targetHints":{"allow":["GET"]}}],"collection":[{"href":"https:\/\/informativoelvalledeaguascalientes.online\/index.php?rest_route=\/wp\/v2\/posts"}],"about":[{"href":"https:\/\/informativoelvalledeaguascalientes.online\/index.php?rest_route=\/wp\/v2\/types\/post"}],"author":[{"embeddable":true,"href":"https:\/\/informativoelvalledeaguascalientes.online\/index.php?rest_route=\/wp\/v2\/users\/1"}],"replies":[{"embeddable":true,"href":"https:\/\/informativoelvalledeaguascalientes.online\/index.php?rest_route=%2Fwp%2Fv2%2Fcomments&post=13129"}],"version-history":[{"count":1,"href":"https:\/\/informativoelvalledeaguascalientes.online\/index.php?rest_route=\/wp\/v2\/posts\/13129\/revisions"}],"predecessor-version":[{"id":13130,"href":"https:\/\/informativoelvalledeaguascalientes.online\/index.php?rest_route=\/wp\/v2\/posts\/13129\/revisions\/13130"}],"wp:featuredmedia":[{"embeddable":true,"href":"https:\/\/informativoelvalledeaguascalientes.online\/index.php?rest_route=\/wp\/v2\/media\/13128"}],"wp:attachment":[{"href":"https:\/\/informativoelvalledeaguascalientes.online\/index.php?rest_route=%2Fwp%2Fv2%2Fmedia&parent=13129"}],"wp:term":[{"taxonomy":"category","embeddable":true,"href":"https:\/\/informativoelvalledeaguascalientes.online\/index.php?rest_route=%2Fwp%2Fv2%2Fcategories&post=13129"},{"taxonomy":"post_tag","embeddable":true,"href":"https:\/\/informativoelvalledeaguascalientes.online\/index.php?rest_route=%2Fwp%2Fv2%2Ftags&post=13129"}],"curies":[{"name":"wp","href":"https:\/\/api.w.org\/{rel}","templated":true}]}}