{"id":13120,"date":"2020-10-29T19:30:02","date_gmt":"2020-10-30T01:30:02","guid":{"rendered":"https:\/\/informativoelvalledeaguascalientes.online\/?p=13120"},"modified":"2020-10-29T19:30:02","modified_gmt":"2020-10-30T01:30:02","slug":"mas-de-5-mil-300-personas-habran-encontrado-trabajo-en-la-nueva-normalidad-con-las-ferias-de-empleo","status":"publish","type":"post","link":"https:\/\/informativoelvalledeaguascalientes.online\/?p=13120","title":{"rendered":"M\u00c1S DE 5 MIL 300 PERSONAS HABR\u00c1N ENCONTRADO TRABAJO EN LA \u201cNUEVA NORMALIDAD\u201d CON LAS FERIAS DE EMPLEO"},"content":{"rendered":"<p style=\"font-weight: 400;\">\n<p style=\"font-weight: 400;\">\n<ul>\n<li style=\"font-weight: 400;\"><strong><em>En cuatro a\u00f1os el Servicio Nacional de Empleo ha generado 29 ferias colocado a m\u00e1s del 50 por ciento de sus asistentes en un puesto laboral<\/em><\/strong><\/li>\n<li style=\"font-weight: 400;\"><strong><em>La administraci\u00f3n estatal comprometida a contribuir nuevas plazas laborales acordes a los escenarios y din\u00e1micas sociales actuales<\/em><\/strong><\/li>\n<\/ul>\n<p style=\"font-weight: 400;\"><strong><em>\u00a0<\/em><\/strong><\/p>\n<p style=\"font-weight: 400;\"><strong><em>\u00a0<\/em><\/strong><\/p>\n<p style=\"font-weight: 400;\">Con la representaci\u00f3n del gobernador Mart\u00edn Orozco Sandoval, el subsecretario de Gobierno, Manuel Cortina, inaugur\u00f3 la Feria Nacional de Empleo 2020, en la que 30 empresas ofertaron m\u00e1s de 800 vacantes, que sumadas a las plazas laborales de las ferias realizadas desde marzo de este a\u00f1o, dan como resultado que m\u00e1s de 5 mil 300 personas fueron colocados en un puesto de trabajo durante la \u201cnueva normalidad\u201d.<\/p>\n<p style=\"font-weight: 400;\">\n<p style=\"font-weight: 400;\">Durante su discurso, Manuel Cortina refiri\u00f3 que la administraci\u00f3n estatal est\u00e1 comprometida a colaborar con el sector productivo, a fin de contribuir en la generaci\u00f3n de nuevas plazas laborales acordes a los nuevos escenarios y a las nuevas din\u00e1micas sociales, a fin de que los aguascalentenses cuenten con una fuente de empleo estable, confiable y segura,\u00a0 que les permita cubrir\u00a0 las necesidades b\u00e1sicas de sus hogares y familias.<\/p>\n<p style=\"font-weight: 400;\">\n<p style=\"font-weight: 400;\">En el evento, al que tambi\u00e9n asisti\u00f3 el secretario de Desarrollo Econ\u00f3mico, Manuel Alejandro Gonz\u00e1lez Mart\u00ednez, la directora general del Servicio Nacional de Empleo (SNE) Aguascalientes, Carmen Villa Zamarripa, afirm\u00f3 que durante los cuatro a\u00f1os de la administraci\u00f3n estatal, la dependencia a su cargo ha organizado 29<strong>\u00a0<\/strong>ferias de empleo, colocando en alg\u00fan puesto laboral a m\u00e1s del 50 por ciento de los asistentes a dichos eventos.<\/p>\n","protected":false},"excerpt":{"rendered":"<p>En cuatro a\u00f1os el Servicio Nacional de Empleo ha generado 29 ferias colocado a m\u00e1s del 50 por ciento de sus asistentes en un puesto laboral La administraci\u00f3n estatal comprometida a contribuir nuevas plazas laborales acordes a los escenarios y din\u00e1micas sociales actuales \u00a0 \u00a0 Con la representaci\u00f3n del gobernador Mart\u00edn Orozco Sandoval, el subsecretario [&hellip;]<\/p>\n","protected":false},"author":1,"featured_media":13121,"comment_status":"closed","ping_status":"open","sticky":false,"template":"","format":"standard","meta":{"advanced_seo_description":"","jetpack_seo_html_title":"","jetpack_seo_noindex":false,"_jetpack_memberships_contains_paid_content":false,"footnotes":"","jetpack_publicize_message":"","jetpack_publicize_feature_enabled":true,"jetpack_social_post_already_shared":true,"jetpack_social_options":{"image_generator_settings":{"template":"highway","default_image_id":0,"font":"","enabled":false},"version":2}},"categories":[21,4],"tags":[22,51],"class_list":["post-13120","post","type-post","status-publish","format-standard","has-post-thumbnail","hentry","category-aguascalientes","category-gobierno-del-estado-aguascalientes","tag-aguascalientes","tag-seggob"],"jetpack_publicize_connections":[],"jetpack_featured_media_url":"https:\/\/i0.wp.com\/informativoelvalledeaguascalientes.online\/wp-content\/uploads\/2020\/10\/WhatsApp-Image-2020-10-29-at-3.27.34-PM.jpeg?fit=1280%2C719&ssl=1","jetpack-related-posts":[],"jetpack_sharing_enabled":true,"jetpack_likes_enabled":true,"_links":{"self":[{"href":"https:\/\/informativoelvalledeaguascalientes.online\/index.php?rest_route=\/wp\/v2\/posts\/13120","targetHints":{"allow":["GET"]}}],"collection":[{"href":"https:\/\/informativoelvalledeaguascalientes.online\/index.php?rest_route=\/wp\/v2\/posts"}],"about":[{"href":"https:\/\/informativoelvalledeaguascalientes.online\/index.php?rest_route=\/wp\/v2\/types\/post"}],"author":[{"embeddable":true,"href":"https:\/\/informativoelvalledeaguascalientes.online\/index.php?rest_route=\/wp\/v2\/users\/1"}],"replies":[{"embeddable":true,"href":"https:\/\/informativoelvalledeaguascalientes.online\/index.php?rest_route=%2Fwp%2Fv2%2Fcomments&post=13120"}],"version-history":[{"count":1,"href":"https:\/\/informativoelvalledeaguascalientes.online\/index.php?rest_route=\/wp\/v2\/posts\/13120\/revisions"}],"predecessor-version":[{"id":13122,"href":"https:\/\/informativoelvalledeaguascalientes.online\/index.php?rest_route=\/wp\/v2\/posts\/13120\/revisions\/13122"}],"wp:featuredmedia":[{"embeddable":true,"href":"https:\/\/informativoelvalledeaguascalientes.online\/index.php?rest_route=\/wp\/v2\/media\/13121"}],"wp:attachment":[{"href":"https:\/\/informativoelvalledeaguascalientes.online\/index.php?rest_route=%2Fwp%2Fv2%2Fmedia&parent=13120"}],"wp:term":[{"taxonomy":"category","embeddable":true,"href":"https:\/\/informativoelvalledeaguascalientes.online\/index.php?rest_route=%2Fwp%2Fv2%2Fcategories&post=13120"},{"taxonomy":"post_tag","embeddable":true,"href":"https:\/\/informativoelvalledeaguascalientes.online\/index.php?rest_route=%2Fwp%2Fv2%2Ftags&post=13120"}],"curies":[{"name":"wp","href":"https:\/\/api.w.org\/{rel}","templated":true}]}}