{"id":13114,"date":"2020-10-29T17:46:55","date_gmt":"2020-10-29T23:46:55","guid":{"rendered":"https:\/\/informativoelvalledeaguascalientes.online\/?p=13114"},"modified":"2020-10-29T17:46:55","modified_gmt":"2020-10-29T23:46:55","slug":"aguascalientes-aplicara-indicador-estatal-para-definir-restriccion-de-actividades-de-acuerdo-al-comportamiento-de-la-pandemia","status":"publish","type":"post","link":"https:\/\/informativoelvalledeaguascalientes.online\/?p=13114","title":{"rendered":"AGUASCALIENTES APLICAR\u00c1 INDICADOR ESTATAL PARA DEFINIR RESTRICCI\u00d3N DE ACTIVIDADES DE ACUERDO AL COMPORTAMIENTO DE LA PANDEMIA."},"content":{"rendered":"<p dir=\"ltr\">\n<ul>\n<li dir=\"ltr\">\n<p dir=\"ltr\">IEC medir\u00e1 riesgo epidemiol\u00f3gico COVID-19 en cada municipio y\u00a0 definir\u00e1 movilidad social<\/p>\n<\/li>\n<li dir=\"ltr\">\n<p dir=\"ltr\">Fundamental el apoyo de las y los aguascalentenses ya que de todos depende evitar el colapso en hospitales: MOS<\/p>\n<\/li>\n<li dir=\"ltr\">\n<p dir=\"ltr\">Presentan primer IEC mismo que se publicar\u00e1 el pr\u00f3ximo lunes en el POE y que entrar\u00e1 en vigor el mi\u00e9rcoles 4 de noviembre<\/p>\n<\/li>\n<\/ul>\n<p dir=\"ltr\">El gobernador Mart\u00edn Orozco Sandoval present\u00f3 el Indicador Estatal COVID (IEC), un sistema de monitoreo que medir\u00e1 el riesgo epidemiol\u00f3gico poblacional en cada municipio de la entidad y que permitir\u00e1 definir apertura o restricciones de movilidad social en algunas actividades.<\/p>\n<p dir=\"ltr\">Acompa\u00f1ado por alcaldes y representantes de los municipios, as\u00ed como de integrantes de la Comisi\u00f3n de Salud del Congreso Estatal, el mandatario se\u00f1al\u00f3 que desde el inicio de la pandemia se han tomado decisiones responsables para equilibrar entre la salud de los aguascalentenses y preservar sus fuentes de empleo.<\/p>\n<p dir=\"ltr\">Sin embargo, expres\u00f3 que ha habido un relajamiento de las medidas sanitarias por parte de la poblaci\u00f3n, es por ello que esta nueva estrategia en la que se tendr\u00e1 el apoyo de las autoridades municipales y del Congreso del Estado, viene a fortalecer el combate al COVID-19.<\/p>\n<p dir=\"ltr\">Inform\u00f3 que el IEC se dar\u00e1 a conocer de manera semanal a trav\u00e9s de su publicaci\u00f3n en el Peri\u00f3dico Oficial del Estado los d\u00edas lunes y las restricciones de movilidad social entrar\u00e1n en vigor el mi\u00e9rcoles posterior a su publicaci\u00f3n, tendr\u00e1n una duraci\u00f3n de una semana.<\/p>\n<p dir=\"ltr\">Por \u00faltimo, Orozco Sandoval enfatiz\u00f3 que es fundamental el apoyo de las y los aguascalentenses, ya que de todos depende evitar el colapso en hospitales y someter a largas jornadas laborales al personal de salud.<\/p>\n<p dir=\"ltr\">Las autoridades de salud explicaron que el IEC estar\u00e1 integrado por los indicadores de \u00cdndice de Resultados Positivos, \u00cdndice de Casos Activos, Tendencia de los Casos y Mortalidad. Los municipios se clasificar\u00e1n en cuatro grados de riesgo, mismos que se determinar\u00e1n de acuerdo a un promedio num\u00e9rico de los indicadores antes mencionados:<\/p>\n<p dir=\"ltr\">Grado 1: riesgo LEVE (0.0 a 2.0)<\/p>\n<p dir=\"ltr\">Grado 2: riesgo MENOR (2.01 a 5.0)<\/p>\n<p dir=\"ltr\">Grado 3: riesgo MAYOR (5.01 a 8)<\/p>\n<p dir=\"ltr\">Grado 4: riesgo M\u00c1XIMO (8.01 en adelante)<\/p>\n<p dir=\"ltr\">El secretario de Salud, Miguel \u00c1ngel Piza y la directora de Prevenci\u00f3n y Control de Enfermedades, Mar\u00eda Eugenia Velasco, revelaron el IEC que se publicar\u00e1 el pr\u00f3ximo lunes y que entrar\u00e1 en vigor el mi\u00e9rcoles 4 de noviembre en el cual Calvillo se encuentra en grado 2, Pabell\u00f3n en grado 4 y el resto de los municipios en grado 3.<\/p>\n<p dir=\"ltr\">Mencionaron que de acuerdo al grado en que se coloque cada ayuntamiento, se determinaron las restricciones de movilidad social en eventos o fiestas en la v\u00eda p\u00fablica, mercados y tianguis, parques, jardines y plazas.<\/p>\n<p dir=\"ltr\">Tambi\u00e9n en espect\u00e1culos p\u00fablicos en espacios cerrados y abiertos, fiestas patronales, mercados y centrales de abasto, as\u00ed como en panteones.<\/p>\n<p dir=\"ltr\">Para establecimientos con giros reglamentados por los ayuntamientos (bares, cantinas, centros nocturnos, salones y jardines de fiestas, etc.) se indicaron cambios en los porcentajes de aforo y horarios, dependiendo del grado que presenta cada municipio.<\/p>\n","protected":false},"excerpt":{"rendered":"<p>IEC medir\u00e1 riesgo epidemiol\u00f3gico COVID-19 en cada municipio y\u00a0 definir\u00e1 movilidad social Fundamental el apoyo de las y los aguascalentenses ya que de todos depende evitar el colapso en hospitales: MOS Presentan primer IEC mismo que se publicar\u00e1 el pr\u00f3ximo lunes en el POE y que entrar\u00e1 en vigor el mi\u00e9rcoles 4 de noviembre El [&hellip;]<\/p>\n","protected":false},"author":1,"featured_media":13115,"comment_status":"closed","ping_status":"open","sticky":false,"template":"","format":"standard","meta":{"advanced_seo_description":"","jetpack_seo_html_title":"","jetpack_seo_noindex":false,"_jetpack_memberships_contains_paid_content":false,"footnotes":"","jetpack_publicize_message":"","jetpack_publicize_feature_enabled":true,"jetpack_social_post_already_shared":true,"jetpack_social_options":{"image_generator_settings":{"template":"highway","default_image_id":0,"font":"","enabled":false},"version":2}},"categories":[21,4],"tags":[22,30,31],"class_list":["post-13114","post","type-post","status-publish","format-standard","has-post-thumbnail","hentry","category-aguascalientes","category-gobierno-del-estado-aguascalientes","tag-aguascalientes","tag-issea","tag-mos"],"jetpack_publicize_connections":[],"jetpack_featured_media_url":"https:\/\/i0.wp.com\/informativoelvalledeaguascalientes.online\/wp-content\/uploads\/2020\/10\/WhatsApp-Image-2020-10-29-at-3.01.50-PM.jpeg?fit=1280%2C612&ssl=1","jetpack-related-posts":[],"jetpack_sharing_enabled":true,"jetpack_likes_enabled":true,"_links":{"self":[{"href":"https:\/\/informativoelvalledeaguascalientes.online\/index.php?rest_route=\/wp\/v2\/posts\/13114","targetHints":{"allow":["GET"]}}],"collection":[{"href":"https:\/\/informativoelvalledeaguascalientes.online\/index.php?rest_route=\/wp\/v2\/posts"}],"about":[{"href":"https:\/\/informativoelvalledeaguascalientes.online\/index.php?rest_route=\/wp\/v2\/types\/post"}],"author":[{"embeddable":true,"href":"https:\/\/informativoelvalledeaguascalientes.online\/index.php?rest_route=\/wp\/v2\/users\/1"}],"replies":[{"embeddable":true,"href":"https:\/\/informativoelvalledeaguascalientes.online\/index.php?rest_route=%2Fwp%2Fv2%2Fcomments&post=13114"}],"version-history":[{"count":1,"href":"https:\/\/informativoelvalledeaguascalientes.online\/index.php?rest_route=\/wp\/v2\/posts\/13114\/revisions"}],"predecessor-version":[{"id":13116,"href":"https:\/\/informativoelvalledeaguascalientes.online\/index.php?rest_route=\/wp\/v2\/posts\/13114\/revisions\/13116"}],"wp:featuredmedia":[{"embeddable":true,"href":"https:\/\/informativoelvalledeaguascalientes.online\/index.php?rest_route=\/wp\/v2\/media\/13115"}],"wp:attachment":[{"href":"https:\/\/informativoelvalledeaguascalientes.online\/index.php?rest_route=%2Fwp%2Fv2%2Fmedia&parent=13114"}],"wp:term":[{"taxonomy":"category","embeddable":true,"href":"https:\/\/informativoelvalledeaguascalientes.online\/index.php?rest_route=%2Fwp%2Fv2%2Fcategories&post=13114"},{"taxonomy":"post_tag","embeddable":true,"href":"https:\/\/informativoelvalledeaguascalientes.online\/index.php?rest_route=%2Fwp%2Fv2%2Ftags&post=13114"}],"curies":[{"name":"wp","href":"https:\/\/api.w.org\/{rel}","templated":true}]}}