{"id":13104,"date":"2020-10-29T17:29:51","date_gmt":"2020-10-29T23:29:51","guid":{"rendered":"https:\/\/informativoelvalledeaguascalientes.online\/?p=13104"},"modified":"2020-10-29T17:29:51","modified_gmt":"2020-10-29T23:29:51","slug":"reconocen-las-labores-de-gestion-del-municipio-de-calvillo","status":"publish","type":"post","link":"https:\/\/informativoelvalledeaguascalientes.online\/?p=13104","title":{"rendered":"RECONOCEN LAS LABORES DE GESTI\u00d3N DEL MUNICIPIO DE CALVILLO"},"content":{"rendered":"<p style=\"font-weight: 400;\">\n<p style=\"font-weight: 400;\">\n<p style=\"font-weight: 400;\">La asociaci\u00f3n \u201cRinc\u00f3n de Baltazares\u201d entreg\u00f3 un reconocimiento al presidente municipal de Calvillo,\u00a0<strong>Ad\u00e1n Valdivia L\u00f3pez<\/strong>, por su gesti\u00f3n y apoyo para lotificar predios y as\u00ed solucionar, en conjunto con la sociedad, un problema que llevaba m\u00e1s de 30 a\u00f1os.<\/p>\n<p style=\"font-weight: 400;\">Durante el evento de entrega de lotificaci\u00f3n y arranque de construcci\u00f3n de red el\u00e9ctrica en el Fraccionamiento Bicentenario, el alcalde\u00a0<strong>Ald\u00e1n Valdivia L\u00f3pez<\/strong>, agradeci\u00f3 el apoyo del sr. Gobernador,\u00a0<strong>Mart\u00edn Orozco Sandoval<\/strong>, quien prest\u00f3 parte de la maquinaria pesada para lograr este objetivo. Asimismo, anim\u00f3 a los propietarios a seguir trabajando para consolidar el acceso a los servicios b\u00e1sicos de esta zona y construir juntos un mejor patrimonio y un mejor Calvillo.<\/p>\n<p style=\"font-weight: 400;\"><strong>Juan Carlos Cardona<\/strong>, secretario de Obras P\u00fablicas, Desarrollo Urbano y Medio Ambiente,\u00a0 mencion\u00f3 que se ha logrado una muy importante meta en la Administraci\u00f3n 2019 \u2013 2021, la indicaci\u00f3n del presidente\u00a0<strong>Ad\u00e1n Valdivia L\u00f3pez<\/strong>\u00a0era cumplir con el compromiso y gracias al arduo esfuerzo y tenacidad de todos hoy es un hecho.<\/p>\n<p style=\"font-weight: 400;\">El presidente de la mesa directiva del Fraccionamiento Bicentenario, el profesor\u00a0<strong>Jos\u00e9 Antonio Mart\u00ednez<\/strong>, se dijo agradecido a nombre de todos los propietarios y mencion\u00f3 que por fin se hace realidad todo el trabajo de muchos a\u00f1os.<\/p>\n<p style=\"font-weight: 400;\">Este logro es un ejemplo de que la colaboraci\u00f3n entre sociedad y gobierno dan buenos resultados y que el Municipio de Calvillo contin\u00faa cumpliendo con los compromisos y trabajando arduamente por el bien de los calvillenses.<\/p>\n<p style=\"font-weight: 400;\">En el evento acompa\u00f1aron al alcalde, el sr.\u00a0<strong>Pedro \u00c1vila Mart\u00ednez<\/strong>\u00a0y el sr.\u00a0<strong>Salvador Figueroa Hern\u00e1ndez<\/strong>, integrantes de la mesa directiva del Fraccionamiento Bicentenario; as\u00ed como\u00a0<strong>Jos\u00e9 Antonio L\u00f3pez Jim\u00e9nez<\/strong>, responsable de la obra de red el\u00e9ctrica.<\/p>\n","protected":false},"excerpt":{"rendered":"<p>La asociaci\u00f3n \u201cRinc\u00f3n de Baltazares\u201d entreg\u00f3 un reconocimiento al presidente municipal de Calvillo,\u00a0Ad\u00e1n Valdivia L\u00f3pez, por su gesti\u00f3n y apoyo para lotificar predios y as\u00ed solucionar, en conjunto con la sociedad, un problema que llevaba m\u00e1s de 30 a\u00f1os. Durante el evento de entrega de lotificaci\u00f3n y arranque de construcci\u00f3n de red el\u00e9ctrica en el [&hellip;]<\/p>\n","protected":false},"author":1,"featured_media":13105,"comment_status":"closed","ping_status":"open","sticky":false,"template":"","format":"standard","meta":{"advanced_seo_description":"","jetpack_seo_html_title":"","jetpack_seo_noindex":false,"_jetpack_memberships_contains_paid_content":false,"footnotes":"","jetpack_publicize_message":"","jetpack_publicize_feature_enabled":true,"jetpack_social_post_already_shared":true,"jetpack_social_options":{"image_generator_settings":{"template":"highway","default_image_id":0,"font":"","enabled":false},"version":2}},"categories":[21,13,4],"tags":[22,88,29,31],"class_list":["post-13104","post","type-post","status-publish","format-standard","has-post-thumbnail","hentry","category-aguascalientes","category-calvillo-aguascalientes","category-gobierno-del-estado-aguascalientes","tag-aguascalientes","tag-calvillo","tag-calvillo-aguascalientes","tag-mos"],"jetpack_publicize_connections":[],"jetpack_featured_media_url":"https:\/\/i0.wp.com\/informativoelvalledeaguascalientes.online\/wp-content\/uploads\/2020\/10\/mos-cal.jpg?fit=701%2C467&ssl=1","jetpack-related-posts":[],"jetpack_sharing_enabled":true,"jetpack_likes_enabled":true,"_links":{"self":[{"href":"https:\/\/informativoelvalledeaguascalientes.online\/index.php?rest_route=\/wp\/v2\/posts\/13104","targetHints":{"allow":["GET"]}}],"collection":[{"href":"https:\/\/informativoelvalledeaguascalientes.online\/index.php?rest_route=\/wp\/v2\/posts"}],"about":[{"href":"https:\/\/informativoelvalledeaguascalientes.online\/index.php?rest_route=\/wp\/v2\/types\/post"}],"author":[{"embeddable":true,"href":"https:\/\/informativoelvalledeaguascalientes.online\/index.php?rest_route=\/wp\/v2\/users\/1"}],"replies":[{"embeddable":true,"href":"https:\/\/informativoelvalledeaguascalientes.online\/index.php?rest_route=%2Fwp%2Fv2%2Fcomments&post=13104"}],"version-history":[{"count":1,"href":"https:\/\/informativoelvalledeaguascalientes.online\/index.php?rest_route=\/wp\/v2\/posts\/13104\/revisions"}],"predecessor-version":[{"id":13106,"href":"https:\/\/informativoelvalledeaguascalientes.online\/index.php?rest_route=\/wp\/v2\/posts\/13104\/revisions\/13106"}],"wp:featuredmedia":[{"embeddable":true,"href":"https:\/\/informativoelvalledeaguascalientes.online\/index.php?rest_route=\/wp\/v2\/media\/13105"}],"wp:attachment":[{"href":"https:\/\/informativoelvalledeaguascalientes.online\/index.php?rest_route=%2Fwp%2Fv2%2Fmedia&parent=13104"}],"wp:term":[{"taxonomy":"category","embeddable":true,"href":"https:\/\/informativoelvalledeaguascalientes.online\/index.php?rest_route=%2Fwp%2Fv2%2Fcategories&post=13104"},{"taxonomy":"post_tag","embeddable":true,"href":"https:\/\/informativoelvalledeaguascalientes.online\/index.php?rest_route=%2Fwp%2Fv2%2Ftags&post=13104"}],"curies":[{"name":"wp","href":"https:\/\/api.w.org\/{rel}","templated":true}]}}