{"id":13046,"date":"2020-10-28T16:50:03","date_gmt":"2020-10-28T22:50:03","guid":{"rendered":"https:\/\/informativoelvalledeaguascalientes.online\/?p=13046"},"modified":"2020-10-28T16:50:03","modified_gmt":"2020-10-28T22:50:03","slug":"el-municipio-de-calvillo-apoya-para-fortalecer-las-viviendas-de-quienes-mas-lo-necesitan","status":"publish","type":"post","link":"https:\/\/informativoelvalledeaguascalientes.online\/?p=13046","title":{"rendered":"EL MUNICIPIO DE CALVILLO APOYA\u00a0 PARA\u00a0 FORTALECER LAS VIVIENDAS DE QUIENES M\u00c1S LO NECESITAN"},"content":{"rendered":"<p style=\"font-weight: 400;\">\n<p style=\"font-weight: 400;\"><strong>\u00a0<\/strong><\/p>\n<p style=\"font-weight: 400;\">Como parte de las acciones del programa Mejoramiento de Vivienda, y en colaboraci\u00f3n con\u00a0 la Congregaci\u00f3n Mariana Trinitaria, la Secretar\u00eda de Desarrollo Social de Calvillo, subsidi\u00f3 36 toneladas de cemento para fortalecer las viviendas y las condiciones de vida de familias\u00a0en situaci\u00f3n de rezago social.<\/p>\n<p style=\"font-weight: 400;\"><strong>Alfredo Garc\u00eda Mart\u00ednez<\/strong>, titular de la dependencia, destac\u00f3 que, con la instrucci\u00f3n del presidente municipal,\u00a0<strong>Ad\u00e1n Valdivia L\u00f3pez<\/strong>, de priorizar las necesidades de los sectores m\u00e1s vulnerables, se trabaja junto con la sociedad organizada para generar oportunidades de desarrollo y construir un patrimonio para el futuro.<\/p>\n<p style=\"font-weight: 400;\">Con este mensaje se reitera el compromiso de la Administraci\u00f3n 2019 &#8211; 2021, encabezada por\u00a0<strong>Ad\u00e1n Valdivia L\u00f3pez<\/strong>, con los calvillenses, de hacer de este municipio un mejor lugar para vivir.<\/p>\n","protected":false},"excerpt":{"rendered":"<p>\u00a0 Como parte de las acciones del programa Mejoramiento de Vivienda, y en colaboraci\u00f3n con\u00a0 la Congregaci\u00f3n Mariana Trinitaria, la Secretar\u00eda de Desarrollo Social de Calvillo, subsidi\u00f3 36 toneladas de cemento para fortalecer las viviendas y las condiciones de vida de familias\u00a0en situaci\u00f3n de rezago social. Alfredo Garc\u00eda Mart\u00ednez, titular de la dependencia, destac\u00f3 que, [&hellip;]<\/p>\n","protected":false},"author":1,"featured_media":13047,"comment_status":"closed","ping_status":"open","sticky":false,"template":"","format":"standard","meta":{"advanced_seo_description":"","jetpack_seo_html_title":"","jetpack_seo_noindex":false,"_jetpack_memberships_contains_paid_content":false,"footnotes":"","jetpack_publicize_message":"","jetpack_publicize_feature_enabled":true,"jetpack_social_post_already_shared":true,"jetpack_social_options":{"image_generator_settings":{"template":"highway","default_image_id":0,"font":"","enabled":false},"version":2}},"categories":[21,13],"tags":[22,29],"class_list":["post-13046","post","type-post","status-publish","format-standard","has-post-thumbnail","hentry","category-aguascalientes","category-calvillo-aguascalientes","tag-aguascalientes","tag-calvillo-aguascalientes"],"jetpack_publicize_connections":[],"jetpack_featured_media_url":"https:\/\/i0.wp.com\/informativoelvalledeaguascalientes.online\/wp-content\/uploads\/2020\/10\/Entrega-de-cemento1.jpeg?fit=1280%2C960&ssl=1","jetpack-related-posts":[],"jetpack_sharing_enabled":true,"jetpack_likes_enabled":true,"_links":{"self":[{"href":"https:\/\/informativoelvalledeaguascalientes.online\/index.php?rest_route=\/wp\/v2\/posts\/13046","targetHints":{"allow":["GET"]}}],"collection":[{"href":"https:\/\/informativoelvalledeaguascalientes.online\/index.php?rest_route=\/wp\/v2\/posts"}],"about":[{"href":"https:\/\/informativoelvalledeaguascalientes.online\/index.php?rest_route=\/wp\/v2\/types\/post"}],"author":[{"embeddable":true,"href":"https:\/\/informativoelvalledeaguascalientes.online\/index.php?rest_route=\/wp\/v2\/users\/1"}],"replies":[{"embeddable":true,"href":"https:\/\/informativoelvalledeaguascalientes.online\/index.php?rest_route=%2Fwp%2Fv2%2Fcomments&post=13046"}],"version-history":[{"count":1,"href":"https:\/\/informativoelvalledeaguascalientes.online\/index.php?rest_route=\/wp\/v2\/posts\/13046\/revisions"}],"predecessor-version":[{"id":13048,"href":"https:\/\/informativoelvalledeaguascalientes.online\/index.php?rest_route=\/wp\/v2\/posts\/13046\/revisions\/13048"}],"wp:featuredmedia":[{"embeddable":true,"href":"https:\/\/informativoelvalledeaguascalientes.online\/index.php?rest_route=\/wp\/v2\/media\/13047"}],"wp:attachment":[{"href":"https:\/\/informativoelvalledeaguascalientes.online\/index.php?rest_route=%2Fwp%2Fv2%2Fmedia&parent=13046"}],"wp:term":[{"taxonomy":"category","embeddable":true,"href":"https:\/\/informativoelvalledeaguascalientes.online\/index.php?rest_route=%2Fwp%2Fv2%2Fcategories&post=13046"},{"taxonomy":"post_tag","embeddable":true,"href":"https:\/\/informativoelvalledeaguascalientes.online\/index.php?rest_route=%2Fwp%2Fv2%2Ftags&post=13046"}],"curies":[{"name":"wp","href":"https:\/\/api.w.org\/{rel}","templated":true}]}}