{"id":12927,"date":"2020-10-25T21:25:48","date_gmt":"2020-10-26T03:25:48","guid":{"rendered":"https:\/\/informativoelvalledeaguascalientes.online\/?p=12927"},"modified":"2020-10-25T21:25:48","modified_gmt":"2020-10-26T03:25:48","slug":"calvillo-participa-dentro-del-programa-de-reactivacion-economica-de-las-comunidades","status":"publish","type":"post","link":"https:\/\/informativoelvalledeaguascalientes.online\/?p=12927","title":{"rendered":"CALVILLO PARTICIPA DENTRO DEL PROGRAMA DE REACTIVACI\u00d3N ECON\u00d3MICA DE LAS COMUNIDADES"},"content":{"rendered":"<p style=\"font-weight: 400;\">El presidente municipal de Calvillo,\u00a0<strong>Ad\u00e1n Valdivia L\u00f3pez<\/strong>, acompa\u00f1\u00f3 al gobernador constitucional del Estado de Aguascalientes,\u00a0<strong>Mart\u00edn Orozco Sandoval<\/strong>, por una gira de entrega de obra p\u00fablica realizada en diferentes puntos del municipio.<\/p>\n<p style=\"font-weight: 400;\">El programa de Reactivaci\u00f3n Econ\u00f3mica de las Comunidades es de suma importancia para apoyar a los sectores m\u00e1s vulnerables que se vieron afectados por la pandemia de COVID-19 (Coronav\u00edrus), en este caso, se realizaron trabajos de construcci\u00f3n de banquetas y red de alcantarillado, rehabilitaci\u00f3n de vialidades, entre otras; utilizando recursos estatales y mano de obra local, lo que significa m\u00e1s beneficio para los habitantes de estas zonas.<\/p>\n<p style=\"font-weight: 400;\">El gobernador\u00a0<strong>Mart\u00edn Orozco<\/strong>, la senadora\u00a0<strong>Martha M\u00e1rquez<\/strong>, el secretario de Obras P\u00fablicas del Estado de Aguascalientes,\u00a0<strong>Noel Atilano Mata<\/strong>; junto a\u00a0<strong>Ad\u00e1n Valdivia L\u00f3pez<\/strong>\u00a0y parte de su equipo de trabajo, visitaron El Rodeo, La Labor, Colonia Lim\u00f3n y El Sauz de los Ball\u00edn, en donde, el alcalde de Calvillo, manifest\u00f3 su agradecimiento a Gobierno del Estado y destac\u00f3 la importancia de trabajar de la mano, redoblar esfuerzos y tomar las mejores decisiones para continuar saliendo adelante de esta situaci\u00f3n extraordinaria que vivimos actualmente.<\/p>\n","protected":false},"excerpt":{"rendered":"<p>El presidente municipal de Calvillo,\u00a0Ad\u00e1n Valdivia L\u00f3pez, acompa\u00f1\u00f3 al gobernador constitucional del Estado de Aguascalientes,\u00a0Mart\u00edn Orozco Sandoval, por una gira de entrega de obra p\u00fablica realizada en diferentes puntos del municipio. El programa de Reactivaci\u00f3n Econ\u00f3mica de las Comunidades es de suma importancia para apoyar a los sectores m\u00e1s vulnerables que se vieron afectados por [&hellip;]<\/p>\n","protected":false},"author":1,"featured_media":12928,"comment_status":"closed","ping_status":"open","sticky":false,"template":"","format":"standard","meta":{"advanced_seo_description":"","jetpack_seo_html_title":"","jetpack_seo_noindex":false,"_jetpack_memberships_contains_paid_content":false,"footnotes":"","jetpack_publicize_message":"","jetpack_publicize_feature_enabled":true,"jetpack_social_post_already_shared":true,"jetpack_social_options":{"image_generator_settings":{"template":"highway","default_image_id":0,"font":"","enabled":false},"version":2}},"categories":[21,13,4],"tags":[22,29,31,46],"class_list":["post-12927","post","type-post","status-publish","format-standard","has-post-thumbnail","hentry","category-aguascalientes","category-calvillo-aguascalientes","category-gobierno-del-estado-aguascalientes","tag-aguascalientes","tag-calvillo-aguascalientes","tag-mos","tag-sop"],"jetpack_publicize_connections":[],"jetpack_featured_media_url":"https:\/\/i0.wp.com\/informativoelvalledeaguascalientes.online\/wp-content\/uploads\/2020\/10\/calvillo_24102020.jpg?fit=852%2C568&ssl=1","jetpack-related-posts":[],"jetpack_sharing_enabled":true,"jetpack_likes_enabled":true,"_links":{"self":[{"href":"https:\/\/informativoelvalledeaguascalientes.online\/index.php?rest_route=\/wp\/v2\/posts\/12927","targetHints":{"allow":["GET"]}}],"collection":[{"href":"https:\/\/informativoelvalledeaguascalientes.online\/index.php?rest_route=\/wp\/v2\/posts"}],"about":[{"href":"https:\/\/informativoelvalledeaguascalientes.online\/index.php?rest_route=\/wp\/v2\/types\/post"}],"author":[{"embeddable":true,"href":"https:\/\/informativoelvalledeaguascalientes.online\/index.php?rest_route=\/wp\/v2\/users\/1"}],"replies":[{"embeddable":true,"href":"https:\/\/informativoelvalledeaguascalientes.online\/index.php?rest_route=%2Fwp%2Fv2%2Fcomments&post=12927"}],"version-history":[{"count":1,"href":"https:\/\/informativoelvalledeaguascalientes.online\/index.php?rest_route=\/wp\/v2\/posts\/12927\/revisions"}],"predecessor-version":[{"id":12929,"href":"https:\/\/informativoelvalledeaguascalientes.online\/index.php?rest_route=\/wp\/v2\/posts\/12927\/revisions\/12929"}],"wp:featuredmedia":[{"embeddable":true,"href":"https:\/\/informativoelvalledeaguascalientes.online\/index.php?rest_route=\/wp\/v2\/media\/12928"}],"wp:attachment":[{"href":"https:\/\/informativoelvalledeaguascalientes.online\/index.php?rest_route=%2Fwp%2Fv2%2Fmedia&parent=12927"}],"wp:term":[{"taxonomy":"category","embeddable":true,"href":"https:\/\/informativoelvalledeaguascalientes.online\/index.php?rest_route=%2Fwp%2Fv2%2Fcategories&post=12927"},{"taxonomy":"post_tag","embeddable":true,"href":"https:\/\/informativoelvalledeaguascalientes.online\/index.php?rest_route=%2Fwp%2Fv2%2Ftags&post=12927"}],"curies":[{"name":"wp","href":"https:\/\/api.w.org\/{rel}","templated":true}]}}