{"id":12912,"date":"2020-10-23T14:54:16","date_gmt":"2020-10-23T20:54:16","guid":{"rendered":"https:\/\/informativoelvalledeaguascalientes.online\/?p=12912"},"modified":"2020-10-23T14:54:16","modified_gmt":"2020-10-23T20:54:16","slug":"cmov-y-observatorio-ciudadano-de-movilidad-estrechan-lazos-de-colaboracion","status":"publish","type":"post","link":"https:\/\/informativoelvalledeaguascalientes.online\/?p=12912","title":{"rendered":"CMOV Y OBSERVATORIO CIUDADANO DE MOVILIDAD ESTRECHAN LAZOS DE COLABORACI\u00d3N"},"content":{"rendered":"<p dir=\"ltr\">\n<p>&nbsp;<\/p>\n<ul>\n<li dir=\"ltr\">\n<p dir=\"ltr\">La contingencia sanitaria ha implicado una reconfiguraci\u00f3n en las estrategias referentes al proyecto de movilidad y el transporte p\u00fablico en sus diversas modalidades: GGM<\/p>\n<\/li>\n<li dir=\"ltr\">\n<p dir=\"ltr\">El Observatorio y la CMOV establecer\u00e1n un Sistema de Evaluaci\u00f3n de Movilidad.<\/p>\n<\/li>\n<\/ul>\n<p>&nbsp;<\/p>\n<p dir=\"ltr\">La Coordinaci\u00f3n General de Movilidad (CMOV) sostuvo una reuni\u00f3n con integrantes del Observatorio Ciudadano de Movilidad (OCM), en donde se dieron seguimiento a las acciones implementadas en el transporte p\u00fablico derivadas de la pandemia por el COVID-19, el Sistema de Evaluaci\u00f3n de Movilidad, entre otros temas.<\/p>\n<p>&nbsp;<\/p>\n<p dir=\"ltr\">Al respecto, Griselda Gonz\u00e1lez Morales, titular de la dependencia, destac\u00f3 que la contingencia sanitaria ha implicado una reconfiguraci\u00f3n en las estrategias referentes al proyecto de movilidad, con acciones impliquen un incremento de espacios caminables y aceras acondicionadas para garantizar la sana distancia, el incremento de redes de ciclov\u00edas para utilizar medios de transporte alternos, adem\u00e1s de mantener las medidas sanitarias a trav\u00e9s de operativos e informaci\u00f3n para operadores y usuarios en el transporte p\u00fablico en sus diversas modalidades.<\/p>\n<p>&nbsp;<\/p>\n<p dir=\"ltr\">Por otro lado, integrantes del OCM acordaron establecer en coordinaci\u00f3n con la CMOV el Sistema de Evaluaci\u00f3n de Movilidad, en donde uno de los indicadores que se contemplar\u00eda para conocer el estado del proyecto de movilidad ser\u00edan los resultados del n\u00famero de WhatsApp para atenci\u00f3n a reportes y quejas del transporte p\u00fablico en sus distintas modalidades, pues es uno de los canales de comunicaci\u00f3n con mayor cercan\u00eda con usuarios y la ciudadan\u00eda.<\/p>\n<p>&nbsp;<\/p>\n<p dir=\"ltr\">Finalmente, se acord\u00f3 una visita del Observatorio al Centro de Control de la Coordinaci\u00f3n General de Movilidad para que conozcan el funcionamiento del componente tecnol\u00f3gico en el transporte p\u00fablico urbano, as\u00ed como la presentaci\u00f3n de los avances del sistema de multimodalidad de las terminales de SITMA.<\/p>\n","protected":false},"excerpt":{"rendered":"<p>&nbsp; La contingencia sanitaria ha implicado una reconfiguraci\u00f3n en las estrategias referentes al proyecto de movilidad y el transporte p\u00fablico en sus diversas modalidades: GGM El Observatorio y la CMOV establecer\u00e1n un Sistema de Evaluaci\u00f3n de Movilidad. &nbsp; La Coordinaci\u00f3n General de Movilidad (CMOV) sostuvo una reuni\u00f3n con integrantes del Observatorio Ciudadano de Movilidad (OCM), [&hellip;]<\/p>\n","protected":false},"author":1,"featured_media":12913,"comment_status":"closed","ping_status":"open","sticky":false,"template":"","format":"standard","meta":{"advanced_seo_description":"","jetpack_seo_html_title":"","jetpack_seo_noindex":false,"_jetpack_memberships_contains_paid_content":false,"footnotes":"","jetpack_publicize_message":"","jetpack_publicize_feature_enabled":true,"jetpack_social_post_already_shared":true,"jetpack_social_options":{"image_generator_settings":{"template":"highway","default_image_id":0,"font":"","enabled":false},"version":2}},"categories":[21,4],"tags":[22,53],"class_list":["post-12912","post","type-post","status-publish","format-standard","has-post-thumbnail","hentry","category-aguascalientes","category-gobierno-del-estado-aguascalientes","tag-aguascalientes","tag-cmov"],"jetpack_publicize_connections":[],"jetpack_featured_media_url":"https:\/\/i0.wp.com\/informativoelvalledeaguascalientes.online\/wp-content\/uploads\/2020\/10\/WhatsApp-Image-2020-10-22-at-13.26.09-1.jpeg?fit=1280%2C960&ssl=1","jetpack-related-posts":[],"jetpack_sharing_enabled":true,"jetpack_likes_enabled":true,"_links":{"self":[{"href":"https:\/\/informativoelvalledeaguascalientes.online\/index.php?rest_route=\/wp\/v2\/posts\/12912","targetHints":{"allow":["GET"]}}],"collection":[{"href":"https:\/\/informativoelvalledeaguascalientes.online\/index.php?rest_route=\/wp\/v2\/posts"}],"about":[{"href":"https:\/\/informativoelvalledeaguascalientes.online\/index.php?rest_route=\/wp\/v2\/types\/post"}],"author":[{"embeddable":true,"href":"https:\/\/informativoelvalledeaguascalientes.online\/index.php?rest_route=\/wp\/v2\/users\/1"}],"replies":[{"embeddable":true,"href":"https:\/\/informativoelvalledeaguascalientes.online\/index.php?rest_route=%2Fwp%2Fv2%2Fcomments&post=12912"}],"version-history":[{"count":1,"href":"https:\/\/informativoelvalledeaguascalientes.online\/index.php?rest_route=\/wp\/v2\/posts\/12912\/revisions"}],"predecessor-version":[{"id":12914,"href":"https:\/\/informativoelvalledeaguascalientes.online\/index.php?rest_route=\/wp\/v2\/posts\/12912\/revisions\/12914"}],"wp:featuredmedia":[{"embeddable":true,"href":"https:\/\/informativoelvalledeaguascalientes.online\/index.php?rest_route=\/wp\/v2\/media\/12913"}],"wp:attachment":[{"href":"https:\/\/informativoelvalledeaguascalientes.online\/index.php?rest_route=%2Fwp%2Fv2%2Fmedia&parent=12912"}],"wp:term":[{"taxonomy":"category","embeddable":true,"href":"https:\/\/informativoelvalledeaguascalientes.online\/index.php?rest_route=%2Fwp%2Fv2%2Fcategories&post=12912"},{"taxonomy":"post_tag","embeddable":true,"href":"https:\/\/informativoelvalledeaguascalientes.online\/index.php?rest_route=%2Fwp%2Fv2%2Ftags&post=12912"}],"curies":[{"name":"wp","href":"https:\/\/api.w.org\/{rel}","templated":true}]}}