{"id":12857,"date":"2020-10-22T19:07:07","date_gmt":"2020-10-23T01:07:07","guid":{"rendered":"https:\/\/informativoelvalledeaguascalientes.online\/?p=12857"},"modified":"2020-10-22T19:07:07","modified_gmt":"2020-10-23T01:07:07","slug":"pvem-ags-reconoce-la-labor-de-las-y-los-medicos","status":"publish","type":"post","link":"https:\/\/informativoelvalledeaguascalientes.online\/?p=12857","title":{"rendered":"PVEM AGS. RECONOCE LA LABOR DE LAS Y LOS M\u00c9DICOS"},"content":{"rendered":"<p style=\"font-weight: 400;\">El Partido Verde Ecologista de M\u00e9xico reconoce a las y los m\u00e9dicos de Aguascalientes no solo porque el 23 de octubre es su d\u00eda, sino por la labor incansable y la lucha que han emprendido en estos \u00faltimos meses para atender a la gente que est\u00e1 resultando positiva al coronavirus, as\u00ed lo dio a conocer la presidenta del Comit\u00e9 Ejecutivo Municipal de Aguascalientes, Sara\u00ed Ornelas \u00c1lvarez, quien aplaudi\u00f3 que hoy en d\u00eda, m\u00e1s mujeres est\u00e1n buscando ser m\u00e9dicas y enfermeras.<\/p>\n<p style=\"font-weight: 400;\">\n<p style=\"font-weight: 400;\">En el marco del D\u00eda del M\u00e9dico en M\u00e9xico, indic\u00f3 que la gente que est\u00e1 en la primera l\u00ednea de batalla de cualquier enfermedad son las y los galenos, enfermeras, asistentes, entre otros, por lo que es justo que se les reconozca su labor, ya que sin su apoyo, las cifras de cualquier enfermedad, \u201cno solo por coronavirus\u201d estar\u00edan increment\u00e1ndose, \u201cson personas que adem\u00e1s de ser padres, hijos, hermanos, tienen la responsabilidad de atender a la poblaci\u00f3n que padece cualquier enfermedad.<\/p>\n<p style=\"font-weight: 400;\">\n<p style=\"font-weight: 400;\">Sara\u00ed Ornelas \u00c1lvarez explic\u00f3 que en Aguascalientes es de reconocer que pese a la pandemia del coronavirus y a las muertes que ha habido de personal m\u00e9dico por atender a pacientes con Covid-19, las y los j\u00f3venes siguen interesados en ser m\u00e9dicos y enfermeros ya que de acuerdo a datos de la Universidad Aut\u00f3noma de Aguascalientes en el proceso de inscripci\u00f3n del ciclo escolar 2019-2020 solicitaron y se inscribieron m\u00e1s mujeres que hombres a las carreras de enfermer\u00eda y medicina.<\/p>\n<p style=\"font-weight: 400;\">\n<p style=\"font-weight: 400;\">Coment\u00f3 que en el caso de enfermer\u00eda el ciclo 2018-2019 solicitaron ficha 423 personas (343 mujeres y 80 hombres) y este ciclo fueron 429 solicitantes (353 mujeres y 76 hombres), quedando inscritos 138 y 145, respectivamente, \u00a0y respecto a la carrera de m\u00e9dico cirujano en el ciclo 2018-2019 solicitaron ficha mil 118 personas (768 mujeres y 420 hombres)\u00a0 y en el ciclo actual solicitaron 1179 (773 mujeres, 406 hombres).<\/p>\n<p style=\"font-weight: 400;\">\n<p style=\"font-weight: 400;\">Sara\u00ed Ornelas \u00c1lvarez, la presidenta del Comit\u00e9 Ejecutivo Municipal de Aguascalientes a\u00f1adi\u00f3 que de acuerdo a las estad\u00edsticas de la m\u00e1xima casa de estudios, las mujeres contin\u00faan buscando su empoderamiento y por tanto se siguen preparando cada d\u00eda m\u00e1s para lograr posicionarse de mejor manera.<\/p>\n","protected":false},"excerpt":{"rendered":"<p>El Partido Verde Ecologista de M\u00e9xico reconoce a las y los m\u00e9dicos de Aguascalientes no solo porque el 23 de octubre es su d\u00eda, sino por la labor incansable y la lucha que han emprendido en estos \u00faltimos meses para atender a la gente que est\u00e1 resultando positiva al coronavirus, as\u00ed lo dio a conocer [&hellip;]<\/p>\n","protected":false},"author":1,"featured_media":12858,"comment_status":"closed","ping_status":"open","sticky":false,"template":"","format":"standard","meta":{"advanced_seo_description":"","jetpack_seo_html_title":"","jetpack_seo_noindex":false,"_jetpack_memberships_contains_paid_content":false,"footnotes":"","jetpack_publicize_message":"","jetpack_publicize_feature_enabled":true,"jetpack_social_post_already_shared":true,"jetpack_social_options":{"image_generator_settings":{"template":"highway","default_image_id":0,"font":"","enabled":false},"version":2}},"categories":[21,19,6,135],"tags":[22,68],"class_list":["post-12857","post","type-post","status-publish","format-standard","has-post-thumbnail","hentry","category-aguascalientes","category-informacion-general","category-partidos-politicos","category-pvem-aguascalientes","tag-aguascalientes","tag-pvem-aguascalientes"],"jetpack_publicize_connections":[],"jetpack_featured_media_url":"https:\/\/i0.wp.com\/informativoelvalledeaguascalientes.online\/wp-content\/uploads\/2020\/10\/pvem_ags_22102020.jpg?fit=860%2C297&ssl=1","jetpack-related-posts":[],"jetpack_sharing_enabled":true,"jetpack_likes_enabled":true,"_links":{"self":[{"href":"https:\/\/informativoelvalledeaguascalientes.online\/index.php?rest_route=\/wp\/v2\/posts\/12857","targetHints":{"allow":["GET"]}}],"collection":[{"href":"https:\/\/informativoelvalledeaguascalientes.online\/index.php?rest_route=\/wp\/v2\/posts"}],"about":[{"href":"https:\/\/informativoelvalledeaguascalientes.online\/index.php?rest_route=\/wp\/v2\/types\/post"}],"author":[{"embeddable":true,"href":"https:\/\/informativoelvalledeaguascalientes.online\/index.php?rest_route=\/wp\/v2\/users\/1"}],"replies":[{"embeddable":true,"href":"https:\/\/informativoelvalledeaguascalientes.online\/index.php?rest_route=%2Fwp%2Fv2%2Fcomments&post=12857"}],"version-history":[{"count":1,"href":"https:\/\/informativoelvalledeaguascalientes.online\/index.php?rest_route=\/wp\/v2\/posts\/12857\/revisions"}],"predecessor-version":[{"id":12859,"href":"https:\/\/informativoelvalledeaguascalientes.online\/index.php?rest_route=\/wp\/v2\/posts\/12857\/revisions\/12859"}],"wp:featuredmedia":[{"embeddable":true,"href":"https:\/\/informativoelvalledeaguascalientes.online\/index.php?rest_route=\/wp\/v2\/media\/12858"}],"wp:attachment":[{"href":"https:\/\/informativoelvalledeaguascalientes.online\/index.php?rest_route=%2Fwp%2Fv2%2Fmedia&parent=12857"}],"wp:term":[{"taxonomy":"category","embeddable":true,"href":"https:\/\/informativoelvalledeaguascalientes.online\/index.php?rest_route=%2Fwp%2Fv2%2Fcategories&post=12857"},{"taxonomy":"post_tag","embeddable":true,"href":"https:\/\/informativoelvalledeaguascalientes.online\/index.php?rest_route=%2Fwp%2Fv2%2Ftags&post=12857"}],"curies":[{"name":"wp","href":"https:\/\/api.w.org\/{rel}","templated":true}]}}