{"id":12841,"date":"2020-10-21T19:31:23","date_gmt":"2020-10-22T01:31:23","guid":{"rendered":"https:\/\/informativoelvalledeaguascalientes.online\/?p=12841"},"modified":"2020-10-21T19:31:23","modified_gmt":"2020-10-22T01:31:23","slug":"tere-jimenez-es-la-nueva-presidenta-de-la-asociacion-nacional-de-ciudades-capitales-de-la-conamm","status":"publish","type":"post","link":"https:\/\/informativoelvalledeaguascalientes.online\/?p=12841","title":{"rendered":"TERE JIM\u00c9NEZ ES LA NUEVA PRESIDENTA DE LA ASOCIACI\u00d3N NACIONAL DE CIUDADES CAPITALES DE LA CONAMM \u00a0"},"content":{"rendered":"<div class=\"opinion-section opinion-single-cover opinion-indent opinion-overlay\">\n<div class=\"container\">\n<div class=\"section-head row justify-content-center text-center\"><\/div>\n<\/div>\n<\/div>\n<div class=\"opinion-section\">\n<div class=\"container\">\n<div class=\"section-content row justify-content-center\">\n<div class=\"col-12 col-lg-8 opinion-order-1\">\n<article class=\"opinion-post opinion-single post-21892 post type-post status-publish format-standard has-post-thumbnail hentry category-tere-jimenez tag-31-municipios-capitales tag-asociacion-nacional-de-ciudades-capitales\">\n<div class=\"entry-content\">\n<ul>\n<li><strong>Rindi\u00f3 protesta para encabezar esta organizaci\u00f3n integrada por las 31 alcald\u00edas capitales del pa\u00eds<\/strong><\/li>\n<\/ul>\n<p>La alcaldesa de Aguascalientes\u00a0<strong>Tere Jim\u00e9nez<\/strong>\u00a0rindi\u00f3 protesta como presidenta de la Asociaci\u00f3n Nacional de Ciudades Capitales, organismo que pertenece a la Conferencia Nacional de Municipios de M\u00e9xico (CONAMM), conformado por los 31 alcaldes y alcaldesas de las capitales del pa\u00eds, con el fin de trabajar en conjunto en busca de mejores condiciones y oportunidades para la poblaci\u00f3n.<\/p>\n<p>En el marco de la sesi\u00f3n desarrollada v\u00eda zoom, en la que estuvieron los presidentes municipales y como invitada especial la prefecta de Brasilia, Brasil\u00a0<strong>Ilka Teodoro<\/strong>, la alcaldesa\u00a0<strong>Tere Jim\u00e9nez<\/strong>\u00a0se comprometi\u00f3 a alzar la voz ante los diversos \u00f3rdenes de gobierno para fortalecer los v\u00ednculos y emprender proyectos que permitan brindar mejores servicios p\u00fablicos, seguridad y en general ofrecer respuestas efectivas a las necesidades de la ciudadan\u00eda, sobre todo en estos tiempos en los que el pa\u00eds enfrenta un gran reto en materia de salud y econom\u00eda.<\/p>\n<p>Manifest\u00f3 que a la brevedad dise\u00f1ar\u00e1 una agenda estrat\u00e9gica para fortalecer a los municipios mediante el di\u00e1logo, el consenso y la propuesta de pol\u00edticas p\u00fablicas que permitan un trabajo coordinado y mejores resultados a favor de los mexicanos.<\/p>\n<\/div>\n<\/article>\n<\/div>\n<\/div>\n<\/div>\n<\/div>\n","protected":false},"excerpt":{"rendered":"<p>Rindi\u00f3 protesta para encabezar esta organizaci\u00f3n integrada por las 31 alcald\u00edas capitales del pa\u00eds La alcaldesa de Aguascalientes\u00a0Tere Jim\u00e9nez\u00a0rindi\u00f3 protesta como presidenta de la Asociaci\u00f3n Nacional de Ciudades Capitales, organismo que pertenece a la Conferencia Nacional de Municipios de M\u00e9xico (CONAMM), conformado por los 31 alcaldes y alcaldesas de las capitales del pa\u00eds, con el [&hellip;]<\/p>\n","protected":false},"author":1,"featured_media":12842,"comment_status":"closed","ping_status":"open","sticky":false,"template":"","format":"standard","meta":{"advanced_seo_description":"","jetpack_seo_html_title":"","jetpack_seo_noindex":false,"_jetpack_memberships_contains_paid_content":false,"footnotes":"","jetpack_publicize_message":"","jetpack_publicize_feature_enabled":true,"jetpack_social_post_already_shared":true,"jetpack_social_options":{"image_generator_settings":{"template":"highway","default_image_id":0,"font":"","enabled":false},"version":2}},"categories":[21,3],"tags":[22,362,25],"class_list":["post-12841","post","type-post","status-publish","format-standard","has-post-thumbnail","hentry","category-aguascalientes","category-municipio-aguascalientes","tag-aguascalientes","tag-conamm","tag-mpio-aguascalientes"],"jetpack_publicize_connections":[],"jetpack_featured_media_url":"https:\/\/i0.wp.com\/informativoelvalledeaguascalientes.online\/wp-content\/uploads\/2020\/10\/mpio_ags_tj_conamm_21102020.jpeg?fit=917%2C390&ssl=1","jetpack-related-posts":[],"jetpack_sharing_enabled":true,"jetpack_likes_enabled":true,"_links":{"self":[{"href":"https:\/\/informativoelvalledeaguascalientes.online\/index.php?rest_route=\/wp\/v2\/posts\/12841","targetHints":{"allow":["GET"]}}],"collection":[{"href":"https:\/\/informativoelvalledeaguascalientes.online\/index.php?rest_route=\/wp\/v2\/posts"}],"about":[{"href":"https:\/\/informativoelvalledeaguascalientes.online\/index.php?rest_route=\/wp\/v2\/types\/post"}],"author":[{"embeddable":true,"href":"https:\/\/informativoelvalledeaguascalientes.online\/index.php?rest_route=\/wp\/v2\/users\/1"}],"replies":[{"embeddable":true,"href":"https:\/\/informativoelvalledeaguascalientes.online\/index.php?rest_route=%2Fwp%2Fv2%2Fcomments&post=12841"}],"version-history":[{"count":1,"href":"https:\/\/informativoelvalledeaguascalientes.online\/index.php?rest_route=\/wp\/v2\/posts\/12841\/revisions"}],"predecessor-version":[{"id":12843,"href":"https:\/\/informativoelvalledeaguascalientes.online\/index.php?rest_route=\/wp\/v2\/posts\/12841\/revisions\/12843"}],"wp:featuredmedia":[{"embeddable":true,"href":"https:\/\/informativoelvalledeaguascalientes.online\/index.php?rest_route=\/wp\/v2\/media\/12842"}],"wp:attachment":[{"href":"https:\/\/informativoelvalledeaguascalientes.online\/index.php?rest_route=%2Fwp%2Fv2%2Fmedia&parent=12841"}],"wp:term":[{"taxonomy":"category","embeddable":true,"href":"https:\/\/informativoelvalledeaguascalientes.online\/index.php?rest_route=%2Fwp%2Fv2%2Fcategories&post=12841"},{"taxonomy":"post_tag","embeddable":true,"href":"https:\/\/informativoelvalledeaguascalientes.online\/index.php?rest_route=%2Fwp%2Fv2%2Ftags&post=12841"}],"curies":[{"name":"wp","href":"https:\/\/api.w.org\/{rel}","templated":true}]}}