{"id":12835,"date":"2020-10-21T17:35:56","date_gmt":"2020-10-21T23:35:56","guid":{"rendered":"https:\/\/informativoelvalledeaguascalientes.online\/?p=12835"},"modified":"2020-10-21T17:35:56","modified_gmt":"2020-10-21T23:35:56","slug":"informe-anual-de-actividades-del-dif-municipal-ags-sera-el-proximo-26-de-octubre","status":"publish","type":"post","link":"https:\/\/informativoelvalledeaguascalientes.online\/?p=12835","title":{"rendered":"INFORME ANUAL DE ACTIVIDADES DEL DIF MUNICIPAL AGS. SER\u00c1 EL PR\u00d3XIMO 26 DE OCTUBRE"},"content":{"rendered":"<div class=\"opinion-section opinion-single-cover opinion-indent opinion-overlay\">\n<div class=\"container\">\n<div class=\"section-head row justify-content-center text-center\"><\/div>\n<\/div>\n<\/div>\n<div class=\"opinion-section\">\n<div class=\"container\">\n<div class=\"section-content row justify-content-center\">\n<div class=\"col-12 col-lg-8 opinion-order-1\">\n<article class=\"opinion-post opinion-single post-21818 post type-post status-publish format-standard has-post-thumbnail hentry category-dif-municipal tag-dif-municipal tag-primer-informe tag-ramon-jimenez-penaloza tag-transmision-virtual\">\n<div class=\"entry-content\">\n<ul>\n<li><strong>Su presidente Ram\u00f3n Jim\u00e9nez Pe\u00f1aloza detallar\u00e1 los logros alcanzados en el \u00faltimo a\u00f1o<\/strong><\/li>\n<\/ul>\n<p>El presidente del DIF Municipal de Aguascalientes\u00a0<strong>Ram\u00f3n Jim\u00e9nez Pe\u00f1aloza<\/strong>, dio a conocer que el pr\u00f3ximo lunes 26 de octubre a las 17:00 horas, presentar\u00e1 su primer informe anual de actividades de su segundo periodo al frente de esta instituci\u00f3n.<\/p>\n<p>Se\u00f1al\u00f3 que el evento se realizar\u00e1 en el segundo patio de Palacio Municipal y se transmitir\u00e1 por la p\u00e1gina oficial de Facebook de este organismo: DIF Municipal AGS.<\/p>\n<p><strong>Jim\u00e9nez Pe\u00f1aloza<\/strong>\u00a0destac\u00f3 que este informe ser\u00e1 austero siendo congruentes al dif\u00edcil momento que est\u00e1n pasando muchas familias de la capital a consecuencia de la pandemia de COVID-19, por lo que los recursos que se ahorren ser\u00e1n destinados a los diversos programas asistenciales con los que cuenta esta dependencia.<\/p>\n<p>Mencion\u00f3 que se presentar\u00e1n las principales acciones y logros que alcanz\u00f3 el DIF Municipal durante los \u00faltimos 12 meses en beneficio de los sectores m\u00e1s vulnerables.<\/p>\n<p>Agreg\u00f3 que cada resultado encierra la historia de vida de adultos mayores, ni\u00f1os, personas con discapacidad, madres de familia y miles de personas que encontraron en el DIF Municipal una mano solidaria para superar sus obst\u00e1culos.<\/p>\n<p>De igual manera coment\u00f3 que esto ha sido posible gracias a la intensa labor de las y los trabajadores de esta dependencia, quienes tienen una s\u00f3lida vocaci\u00f3n de servicio p\u00fablico, con el compromiso de ayudar siempre a sus semejantes.<\/p>\n<p><strong>Ram\u00f3n Jim\u00e9nez Pe\u00f1aloza<\/strong>, titular del DIF Municipal, invit\u00f3 a la poblaci\u00f3n a que siga este informe de actividades en el que se dar\u00e1 a conocer el trabajo de esta noble instituci\u00f3n que se ha caracterizado por estar cercana a la gente y actuar siempre con un gran sentido humano.<\/p>\n<\/div>\n<\/article>\n<\/div>\n<\/div>\n<\/div>\n<\/div>\n","protected":false},"excerpt":{"rendered":"<p>Su presidente Ram\u00f3n Jim\u00e9nez Pe\u00f1aloza detallar\u00e1 los logros alcanzados en el \u00faltimo a\u00f1o El presidente del DIF Municipal de Aguascalientes\u00a0Ram\u00f3n Jim\u00e9nez Pe\u00f1aloza, dio a conocer que el pr\u00f3ximo lunes 26 de octubre a las 17:00 horas, presentar\u00e1 su primer informe anual de actividades de su segundo periodo al frente de esta instituci\u00f3n. Se\u00f1al\u00f3 que el [&hellip;]<\/p>\n","protected":false},"author":1,"featured_media":12836,"comment_status":"closed","ping_status":"open","sticky":false,"template":"","format":"standard","meta":{"advanced_seo_description":"","jetpack_seo_html_title":"","jetpack_seo_noindex":false,"_jetpack_memberships_contains_paid_content":false,"footnotes":"","jetpack_publicize_message":"","jetpack_publicize_feature_enabled":true,"jetpack_social_post_already_shared":true,"jetpack_social_options":{"image_generator_settings":{"template":"highway","default_image_id":0,"font":"","enabled":false},"version":2}},"categories":[21,3],"tags":[22,72],"class_list":["post-12835","post","type-post","status-publish","format-standard","has-post-thumbnail","hentry","category-aguascalientes","category-municipio-aguascalientes","tag-aguascalientes","tag-mpio-aguascalientes-dif"],"jetpack_publicize_connections":[],"jetpack_featured_media_url":"https:\/\/i0.wp.com\/informativoelvalledeaguascalientes.online\/wp-content\/uploads\/2020\/10\/mpio_ags_dif_inf_21102020.jpg?fit=2560%2C1703&ssl=1","jetpack-related-posts":[],"jetpack_sharing_enabled":true,"jetpack_likes_enabled":true,"_links":{"self":[{"href":"https:\/\/informativoelvalledeaguascalientes.online\/index.php?rest_route=\/wp\/v2\/posts\/12835","targetHints":{"allow":["GET"]}}],"collection":[{"href":"https:\/\/informativoelvalledeaguascalientes.online\/index.php?rest_route=\/wp\/v2\/posts"}],"about":[{"href":"https:\/\/informativoelvalledeaguascalientes.online\/index.php?rest_route=\/wp\/v2\/types\/post"}],"author":[{"embeddable":true,"href":"https:\/\/informativoelvalledeaguascalientes.online\/index.php?rest_route=\/wp\/v2\/users\/1"}],"replies":[{"embeddable":true,"href":"https:\/\/informativoelvalledeaguascalientes.online\/index.php?rest_route=%2Fwp%2Fv2%2Fcomments&post=12835"}],"version-history":[{"count":1,"href":"https:\/\/informativoelvalledeaguascalientes.online\/index.php?rest_route=\/wp\/v2\/posts\/12835\/revisions"}],"predecessor-version":[{"id":12837,"href":"https:\/\/informativoelvalledeaguascalientes.online\/index.php?rest_route=\/wp\/v2\/posts\/12835\/revisions\/12837"}],"wp:featuredmedia":[{"embeddable":true,"href":"https:\/\/informativoelvalledeaguascalientes.online\/index.php?rest_route=\/wp\/v2\/media\/12836"}],"wp:attachment":[{"href":"https:\/\/informativoelvalledeaguascalientes.online\/index.php?rest_route=%2Fwp%2Fv2%2Fmedia&parent=12835"}],"wp:term":[{"taxonomy":"category","embeddable":true,"href":"https:\/\/informativoelvalledeaguascalientes.online\/index.php?rest_route=%2Fwp%2Fv2%2Fcategories&post=12835"},{"taxonomy":"post_tag","embeddable":true,"href":"https:\/\/informativoelvalledeaguascalientes.online\/index.php?rest_route=%2Fwp%2Fv2%2Ftags&post=12835"}],"curies":[{"name":"wp","href":"https:\/\/api.w.org\/{rel}","templated":true}]}}