{"id":12775,"date":"2020-10-20T19:50:13","date_gmt":"2020-10-21T01:50:13","guid":{"rendered":"https:\/\/informativoelvalledeaguascalientes.online\/?p=12775"},"modified":"2020-10-20T19:50:13","modified_gmt":"2020-10-21T01:50:13","slug":"con-clinica-de-columna-se-da-paso-firme-hacia-una-mejor-calidad-de-vida","status":"publish","type":"post","link":"https:\/\/informativoelvalledeaguascalientes.online\/?p=12775","title":{"rendered":"CON CL\u00cdNICA DE COLUMNA SE DA PASO FIRME HACIA UNA MEJOR CALIDAD DE VIDA\u00a0"},"content":{"rendered":"<ul>\n<li dir=\"ltr\">\n<p dir=\"ltr\">El gobernador del Estado, acompa\u00f1ando a la presidenta del DIF Estatal, inaugur\u00f3 la Cl\u00ednica de Columna del Centro de Rehabilitaci\u00f3n Integral<\/p>\n<\/li>\n<li dir=\"ltr\">\n<p dir=\"ltr\">Se podr\u00e1n atender de 80 a 120 pacientes diarios<\/p>\n<\/li>\n<\/ul>\n<p dir=\"ltr\">Para ofrecer una amplia gama de servicios que permita que las y los aguascalentenses que requieren terapia y rehabilitaci\u00f3n f\u00edsica, tengan acceso a atenci\u00f3n de calidad, el Gobierno del Estado hoy pone a disposici\u00f3n de la sociedad la Cl\u00ednica de Columna, la cual fue posible gracias a los esfuerzos conjuntos entre el gobierno estatal y el DIF Nacional.<\/p>\n<p dir=\"ltr\">La Cl\u00ednica de Columna, mencion\u00f3 el gobernador Mart\u00edn Orozco Sandoval, tendr\u00e1 el mismo sello de calidad y calidez, as\u00ed como el excelente servicio que se brinda a la sociedad a trav\u00e9s del Centro de Rehabilitaci\u00f3n Integral del DIF.<\/p>\n<p dir=\"ltr\">Orozco Sandoval enfatiz\u00f3 la importancia de atender y valorar la salud, por lo que\u00a0 mencion\u00f3 que adem\u00e1s de las terapias de rehabilitaci\u00f3n, uno de los pilares de este nuevo complejo ser\u00e1 la prevenci\u00f3n, en este sentido, explic\u00f3 que se ofrecer\u00e1n\u00a0 talleres y t\u00e9cnicas que ayudan a prevenir lesiones futuras.<\/p>\n<p dir=\"ltr\">Por su parte, Yolanda Ram\u00edrez de Orozco, presidenta del DIF Estatal, apunt\u00f3 que con este nuevo espacio, se cuenta con equipo y personal especializado para la atenci\u00f3n de las personas que han sido diagnosticadas con padecimiento cr\u00f3nicos de columna,\u00a0 y gracias a ello se conseguir\u00e1\u00a0 ampliar la Terapia F\u00edsica de Adultos, remarcando que la meta es llegar a atender diariamente de 80 hasta 120 usuarios.<\/p>\n<p dir=\"ltr\">En el evento tambi\u00e9n estuvo presente el secretario de Obras P\u00fablicas, Noel Mata Atilano, quien fue reconocido por\u00a0 su apoyo para hacer posible la construcci\u00f3n de esta edificaci\u00f3n en tiempo y forma, y para la cual se invirtieron m\u00e1s de 7 millones de pesos de fondos mixtos.<\/p>\n<p dir=\"ltr\">Cabe destacar que para la adquisici\u00f3n de equipo de rehabilitaci\u00f3n de alta tecnolog\u00eda, se gestion\u00f3 ante el DIF Nacional una inversi\u00f3n superior a 1 mill\u00f3n 300 mil pesos.<\/p>\n","protected":false},"excerpt":{"rendered":"<p>El gobernador del Estado, acompa\u00f1ando a la presidenta del DIF Estatal, inaugur\u00f3 la Cl\u00ednica de Columna del Centro de Rehabilitaci\u00f3n Integral Se podr\u00e1n atender de 80 a 120 pacientes diarios Para ofrecer una amplia gama de servicios que permita que las y los aguascalentenses que requieren terapia y rehabilitaci\u00f3n f\u00edsica, tengan acceso a atenci\u00f3n de [&hellip;]<\/p>\n","protected":false},"author":1,"featured_media":12776,"comment_status":"closed","ping_status":"open","sticky":false,"template":"","format":"standard","meta":{"advanced_seo_description":"","jetpack_seo_html_title":"","jetpack_seo_noindex":false,"_jetpack_memberships_contains_paid_content":false,"footnotes":"","jetpack_publicize_message":"","jetpack_publicize_feature_enabled":true,"jetpack_social_post_already_shared":true,"jetpack_social_options":{"image_generator_settings":{"template":"highway","default_image_id":0,"font":"","enabled":false},"version":2}},"categories":[21,4],"tags":[22,65,31],"class_list":["post-12775","post","type-post","status-publish","format-standard","has-post-thumbnail","hentry","category-aguascalientes","category-gobierno-del-estado-aguascalientes","tag-aguascalientes","tag-dif-estatal-aguascalientes","tag-mos"],"jetpack_publicize_connections":[],"jetpack_featured_media_url":"https:\/\/i0.wp.com\/informativoelvalledeaguascalientes.online\/wp-content\/uploads\/2020\/10\/mos_dif_20102020.jpg?fit=1280%2C740&ssl=1","jetpack-related-posts":[],"jetpack_sharing_enabled":true,"jetpack_likes_enabled":true,"_links":{"self":[{"href":"https:\/\/informativoelvalledeaguascalientes.online\/index.php?rest_route=\/wp\/v2\/posts\/12775","targetHints":{"allow":["GET"]}}],"collection":[{"href":"https:\/\/informativoelvalledeaguascalientes.online\/index.php?rest_route=\/wp\/v2\/posts"}],"about":[{"href":"https:\/\/informativoelvalledeaguascalientes.online\/index.php?rest_route=\/wp\/v2\/types\/post"}],"author":[{"embeddable":true,"href":"https:\/\/informativoelvalledeaguascalientes.online\/index.php?rest_route=\/wp\/v2\/users\/1"}],"replies":[{"embeddable":true,"href":"https:\/\/informativoelvalledeaguascalientes.online\/index.php?rest_route=%2Fwp%2Fv2%2Fcomments&post=12775"}],"version-history":[{"count":1,"href":"https:\/\/informativoelvalledeaguascalientes.online\/index.php?rest_route=\/wp\/v2\/posts\/12775\/revisions"}],"predecessor-version":[{"id":12777,"href":"https:\/\/informativoelvalledeaguascalientes.online\/index.php?rest_route=\/wp\/v2\/posts\/12775\/revisions\/12777"}],"wp:featuredmedia":[{"embeddable":true,"href":"https:\/\/informativoelvalledeaguascalientes.online\/index.php?rest_route=\/wp\/v2\/media\/12776"}],"wp:attachment":[{"href":"https:\/\/informativoelvalledeaguascalientes.online\/index.php?rest_route=%2Fwp%2Fv2%2Fmedia&parent=12775"}],"wp:term":[{"taxonomy":"category","embeddable":true,"href":"https:\/\/informativoelvalledeaguascalientes.online\/index.php?rest_route=%2Fwp%2Fv2%2Fcategories&post=12775"},{"taxonomy":"post_tag","embeddable":true,"href":"https:\/\/informativoelvalledeaguascalientes.online\/index.php?rest_route=%2Fwp%2Fv2%2Ftags&post=12775"}],"curies":[{"name":"wp","href":"https:\/\/api.w.org\/{rel}","templated":true}]}}