{"id":12772,"date":"2020-10-20T19:48:22","date_gmt":"2020-10-21T01:48:22","guid":{"rendered":"https:\/\/informativoelvalledeaguascalientes.online\/?p=12772"},"modified":"2020-10-20T19:48:22","modified_gmt":"2020-10-21T01:48:22","slug":"otorga-issea-acompanamiento-emocional-a-pacientes-covid-19","status":"publish","type":"post","link":"https:\/\/informativoelvalledeaguascalientes.online\/?p=12772","title":{"rendered":"OTORGA ISSEA ACOMPA\u00d1AMIENTO EMOCIONAL A PACIENTES COVID-19"},"content":{"rendered":"<ul>\n<li dir=\"ltr\">\n<p dir=\"ltr\">El objetivo es que los enfermos ambulatorios no presenten da\u00f1o psicol\u00f3gico o emocional que agrave su salud f\u00edsica<\/p>\n<\/li>\n<li dir=\"ltr\">\n<p dir=\"ltr\">A tres semanas del Programa de Acompa\u00f1amiento Emocional se han atendido a 300 personas v\u00eda telef\u00f3nica<\/p>\n<\/li>\n<\/ul>\n<p>&nbsp;<\/p>\n<p dir=\"ltr\">Como parte de la atenci\u00f3n integral que se otorga a los pacientes con Coronavirus (Covid-19), la Secretar\u00eda de Salud del Estado lanz\u00f3 su programa de Acompa\u00f1amiento Emocional, a trav\u00e9s del cual un grupo de psic\u00f3logos humanistas dan seguimiento telef\u00f3nico a las personas que resulten positivas desde el preciso momento en que se les notifica el resultado de la prueba de laboratorio.<\/p>\n<p>&nbsp;<\/p>\n<p dir=\"ltr\">La coordinadora del programa, Carmen Alf\u00e9rez Cruz, explic\u00f3 que la intenci\u00f3n es brindar ayuda para que los pacientes ambulatorios con Covid-19, es decir aquellos que se recuperan en su domicilio, no presenten un da\u00f1o emocional tras haber recibido la confirmaci\u00f3n de la enfermedad.<\/p>\n<p>&nbsp;<\/p>\n<p dir=\"ltr\">Agreg\u00f3 que en algunas ocasiones la simple noticia de salir positivos al virus SARS-Cov-2 puede provocar estr\u00e9s, ansiedad y depresi\u00f3n en la persona, y por consecuencia agravar su estado de salud o detonar problemas psicol\u00f3gicos mayores.<\/p>\n<p>&nbsp;<\/p>\n<p dir=\"ltr\">Afirm\u00f3 que el paciente positivo recibe contenci\u00f3n emocional y participa en sesiones virtuales con psic\u00f3logos y m\u00e1s enfermos que pasan su periodo de cuarentena aislados en sus domicilios; de esta forma, dijo, comienzan a tener un mejor manejo de su situaci\u00f3n emocional, paralelo al tratamiento m\u00e9dico que los especialistas ordenen.<\/p>\n<p>&nbsp;<\/p>\n<p dir=\"ltr\">Alf\u00e9rez Cruz a\u00f1adi\u00f3 que a tres semanas de haber iniciado este programa de acompa\u00f1amiento emocional, se han atendido a m\u00e1s de 300 personas que han logrado atravesar su cuarentena en mejores condiciones f\u00edsicas y psicol\u00f3gicas.<\/p>\n<p>&nbsp;<\/p>\n<p dir=\"ltr\">Finalmente, apunt\u00f3 que de ser necesario, los psic\u00f3logos atienden tambi\u00e9n a los familiares del pacientes, para ampliar la red de contenci\u00f3n y los efectos positivos que recibe el enfermo de Covid-19.<\/p>\n","protected":false},"excerpt":{"rendered":"<p>El objetivo es que los enfermos ambulatorios no presenten da\u00f1o psicol\u00f3gico o emocional que agrave su salud f\u00edsica A tres semanas del Programa de Acompa\u00f1amiento Emocional se han atendido a 300 personas v\u00eda telef\u00f3nica &nbsp; Como parte de la atenci\u00f3n integral que se otorga a los pacientes con Coronavirus (Covid-19), la Secretar\u00eda de Salud del [&hellip;]<\/p>\n","protected":false},"author":1,"featured_media":12773,"comment_status":"closed","ping_status":"open","sticky":false,"template":"","format":"standard","meta":{"advanced_seo_description":"","jetpack_seo_html_title":"","jetpack_seo_noindex":false,"_jetpack_memberships_contains_paid_content":false,"footnotes":"","jetpack_publicize_message":"","jetpack_publicize_feature_enabled":true,"jetpack_social_post_already_shared":true,"jetpack_social_options":{"image_generator_settings":{"template":"highway","default_image_id":0,"font":"","enabled":false},"version":2}},"categories":[21,4],"tags":[22,30],"class_list":["post-12772","post","type-post","status-publish","format-standard","has-post-thumbnail","hentry","category-aguascalientes","category-gobierno-del-estado-aguascalientes","tag-aguascalientes","tag-issea"],"jetpack_publicize_connections":[],"jetpack_featured_media_url":"https:\/\/i0.wp.com\/informativoelvalledeaguascalientes.online\/wp-content\/uploads\/2020\/10\/issea_cvid_20102020.jpg?fit=938%2C625&ssl=1","jetpack-related-posts":[],"jetpack_sharing_enabled":true,"jetpack_likes_enabled":true,"_links":{"self":[{"href":"https:\/\/informativoelvalledeaguascalientes.online\/index.php?rest_route=\/wp\/v2\/posts\/12772","targetHints":{"allow":["GET"]}}],"collection":[{"href":"https:\/\/informativoelvalledeaguascalientes.online\/index.php?rest_route=\/wp\/v2\/posts"}],"about":[{"href":"https:\/\/informativoelvalledeaguascalientes.online\/index.php?rest_route=\/wp\/v2\/types\/post"}],"author":[{"embeddable":true,"href":"https:\/\/informativoelvalledeaguascalientes.online\/index.php?rest_route=\/wp\/v2\/users\/1"}],"replies":[{"embeddable":true,"href":"https:\/\/informativoelvalledeaguascalientes.online\/index.php?rest_route=%2Fwp%2Fv2%2Fcomments&post=12772"}],"version-history":[{"count":1,"href":"https:\/\/informativoelvalledeaguascalientes.online\/index.php?rest_route=\/wp\/v2\/posts\/12772\/revisions"}],"predecessor-version":[{"id":12774,"href":"https:\/\/informativoelvalledeaguascalientes.online\/index.php?rest_route=\/wp\/v2\/posts\/12772\/revisions\/12774"}],"wp:featuredmedia":[{"embeddable":true,"href":"https:\/\/informativoelvalledeaguascalientes.online\/index.php?rest_route=\/wp\/v2\/media\/12773"}],"wp:attachment":[{"href":"https:\/\/informativoelvalledeaguascalientes.online\/index.php?rest_route=%2Fwp%2Fv2%2Fmedia&parent=12772"}],"wp:term":[{"taxonomy":"category","embeddable":true,"href":"https:\/\/informativoelvalledeaguascalientes.online\/index.php?rest_route=%2Fwp%2Fv2%2Fcategories&post=12772"},{"taxonomy":"post_tag","embeddable":true,"href":"https:\/\/informativoelvalledeaguascalientes.online\/index.php?rest_route=%2Fwp%2Fv2%2Ftags&post=12772"}],"curies":[{"name":"wp","href":"https:\/\/api.w.org\/{rel}","templated":true}]}}