{"id":12763,"date":"2020-10-19T21:14:01","date_gmt":"2020-10-20T03:14:01","guid":{"rendered":"https:\/\/informativoelvalledeaguascalientes.online\/?p=12763"},"modified":"2020-10-19T21:14:01","modified_gmt":"2020-10-20T03:14:01","slug":"congreso-del-estado-de-ags-ya-cuenta-con-lactario-equipado","status":"publish","type":"post","link":"https:\/\/informativoelvalledeaguascalientes.online\/?p=12763","title":{"rendered":"CONGRESO DEL ESTADO DE AGS. YA CUENTA CON LACTARIO EQUIPADO"},"content":{"rendered":"<p>Con el impulso que brindaron las Comisiones de Salud P\u00fablica y Asistencia Social, y la de Igualdad Sustantiva y Equidad de G\u00e9nero, las mujeres trabajadoras del Poder Legislativo que lo requieran, podr\u00e1n hacer uso de este espacio exclusivo.<\/p>\n<p>La leche materna promueve el desarrollo sensorial y cognitivo, adem\u00e1s de proteger a la ni\u00f1ez de enfermedades infecciosas y cr\u00f3nicas, premisa que dicta la Organizaci\u00f3n Mundial de la Salud (OMS) y que la LXIV Legislatura impulsa con la creaci\u00f3n de un Lactario debidamente equipado en beneficio de las madres trabajadoras que as\u00ed lo requieran.<\/p>\n<p>Este lunes, fue inaugurado el espacio exclusivo que se ubica en la planta baja del Edificio Primo de Verdad, \u00e1rea que est\u00e1 al servicio de servidoras p\u00fablicas de este Poder Legislstivo para que acudan a amamantar a sus hijas (os) o bien extraigan el producto l\u00e1cteo, en un \u00e1rea digna, con privacidad y los aditamentos necesarios para realizarlo.<\/p>\n<p>Ante la presencia de las diputadas Margarita Gallegos Soto y Elsa Land\u00edn Olivares, en su calidad de presidenta de la Comisi\u00f3n de Salud P\u00fablica y Asistencia Social y Secretaria de la Comisi\u00f3n de Igualdad Sustantiva y Equidad de G\u00e9nero, en ese orden; adem\u00e1s de los presidentes del Comit\u00e9 de Administraci\u00f3n, de las Comisiones de Transporte P\u00fablico y la de Asuntos Migratorios, Alejandro Serrano Almanza, Gladys Ram\u00edrez Aguilar y Cuauht\u00e9moc Cardona Campos, respectivamente, se realiz\u00f3 este acto protocolario en el que inauguraron este lactario.<\/p>\n<p>En este sentido, la diputada Gallegos Soto, hizo \u00e9nfasis que este importante espacio permitir\u00e1 estrechar el v\u00ednculo entre la madre y su beb\u00e9, con dos beneficios para ambos, pues de acuerdo con la OMS \u201cla leche materna fortalece el sistema inmunol\u00f3gico del infante, y lactar, reduce de manera considerable el riesgo de contraer c\u00e1ncer de mama\u201d.<\/p>\n<p>Por su parte, la legisladora Elsa Land\u00edn Olivares, se\u00f1al\u00f3 que este nuevo espacio f\u00edsico significa el reconocimiento a las mujeres que laboran en este Congreso Local y que desempe\u00f1an los roles de trabajadora, madre y esposa, al mismo tiempo. \u201cEs un derecho que tienen y que debe garantizarse\u201d<\/p>\n<p>De igual manera, Land\u00edn Olivares hizo un llamado a promover el respeto y comprensi\u00f3n hacia las madres trabajadoras, evitando cualquier tipo de violencia verbal o emocional por hacer uso de estos espacios.<\/p>\n","protected":false},"excerpt":{"rendered":"<p>Con el impulso que brindaron las Comisiones de Salud P\u00fablica y Asistencia Social, y la de Igualdad Sustantiva y Equidad de G\u00e9nero, las mujeres trabajadoras del Poder Legislativo que lo requieran, podr\u00e1n hacer uso de este espacio exclusivo. La leche materna promueve el desarrollo sensorial y cognitivo, adem\u00e1s de proteger a la ni\u00f1ez de enfermedades [&hellip;]<\/p>\n","protected":false},"author":1,"featured_media":12764,"comment_status":"closed","ping_status":"open","sticky":false,"template":"","format":"standard","meta":{"advanced_seo_description":"","jetpack_seo_html_title":"","jetpack_seo_noindex":false,"_jetpack_memberships_contains_paid_content":false,"footnotes":"","jetpack_publicize_message":"","jetpack_publicize_feature_enabled":true,"jetpack_social_post_already_shared":true,"jetpack_social_options":{"image_generator_settings":{"template":"highway","default_image_id":0,"font":"","enabled":false},"version":2}},"categories":[21,5],"tags":[22,44],"class_list":["post-12763","post","type-post","status-publish","format-standard","has-post-thumbnail","hentry","category-aguascalientes","category-h-congreso-del-estado-aguascalientes","tag-aguascalientes","tag-lxiv-legislatura-aguascalientes"],"jetpack_publicize_connections":[],"jetpack_featured_media_url":"https:\/\/i0.wp.com\/informativoelvalledeaguascalientes.online\/wp-content\/uploads\/2020\/10\/hce_ags_19102020.jpg?fit=852%2C568&ssl=1","jetpack-related-posts":[],"jetpack_sharing_enabled":true,"jetpack_likes_enabled":true,"_links":{"self":[{"href":"https:\/\/informativoelvalledeaguascalientes.online\/index.php?rest_route=\/wp\/v2\/posts\/12763","targetHints":{"allow":["GET"]}}],"collection":[{"href":"https:\/\/informativoelvalledeaguascalientes.online\/index.php?rest_route=\/wp\/v2\/posts"}],"about":[{"href":"https:\/\/informativoelvalledeaguascalientes.online\/index.php?rest_route=\/wp\/v2\/types\/post"}],"author":[{"embeddable":true,"href":"https:\/\/informativoelvalledeaguascalientes.online\/index.php?rest_route=\/wp\/v2\/users\/1"}],"replies":[{"embeddable":true,"href":"https:\/\/informativoelvalledeaguascalientes.online\/index.php?rest_route=%2Fwp%2Fv2%2Fcomments&post=12763"}],"version-history":[{"count":1,"href":"https:\/\/informativoelvalledeaguascalientes.online\/index.php?rest_route=\/wp\/v2\/posts\/12763\/revisions"}],"predecessor-version":[{"id":12765,"href":"https:\/\/informativoelvalledeaguascalientes.online\/index.php?rest_route=\/wp\/v2\/posts\/12763\/revisions\/12765"}],"wp:featuredmedia":[{"embeddable":true,"href":"https:\/\/informativoelvalledeaguascalientes.online\/index.php?rest_route=\/wp\/v2\/media\/12764"}],"wp:attachment":[{"href":"https:\/\/informativoelvalledeaguascalientes.online\/index.php?rest_route=%2Fwp%2Fv2%2Fmedia&parent=12763"}],"wp:term":[{"taxonomy":"category","embeddable":true,"href":"https:\/\/informativoelvalledeaguascalientes.online\/index.php?rest_route=%2Fwp%2Fv2%2Fcategories&post=12763"},{"taxonomy":"post_tag","embeddable":true,"href":"https:\/\/informativoelvalledeaguascalientes.online\/index.php?rest_route=%2Fwp%2Fv2%2Ftags&post=12763"}],"curies":[{"name":"wp","href":"https:\/\/api.w.org\/{rel}","templated":true}]}}