{"id":12760,"date":"2020-10-19T18:55:43","date_gmt":"2020-10-20T00:55:43","guid":{"rendered":"https:\/\/informativoelvalledeaguascalientes.online\/?p=12760"},"modified":"2020-10-19T18:55:43","modified_gmt":"2020-10-20T00:55:43","slug":"tere-jimenez-suma-voluntades-en-la-lucha-contra-el-cancer-de-mama","status":"publish","type":"post","link":"https:\/\/informativoelvalledeaguascalientes.online\/?p=12760","title":{"rendered":"TERE JIM\u00c9NEZ SUMA VOLUNTADES EN LA LUCHA CONTRA EL C\u00c1NCER DE MAMA"},"content":{"rendered":"<div class=\"opinion-section opinion-single-cover opinion-indent opinion-overlay\">\n<div class=\"container\">\n<div class=\"section-head row justify-content-center text-center\"><\/div>\n<\/div>\n<\/div>\n<div class=\"opinion-section\">\n<div class=\"container\">\n<div class=\"section-content row justify-content-center\">\n<div class=\"col-12 col-lg-8 opinion-order-1\">\n<article class=\"opinion-post opinion-single post-21748 post type-post status-publish format-standard has-post-thumbnail hentry category-dif-municipal tag-dia-mundial-de-la-lucha-contra-el-cancer-de-mama tag-li-yo-lucho-contra-el-cancer-a-c tag-protesis-mamarias\">\n<div class=\"entry-content\">\n<ul>\n<li><b>En conjunto con la Asociaci\u00f3n civil \u201cEli Yo Lucho contra el C\u00e1ncer A.C.\u201d inici\u00f3 la entrega de 100 pr\u00f3tesis mamarias externas y anunci\u00f3 que a trav\u00e9s del DIF Municipal se brindar\u00e1n servicios m\u00e9dicos y de rehabilitaci\u00f3n a este sector<\/b><\/li>\n<\/ul>\n<p>En el D\u00eda Internacional de la Lucha Contra el C\u00e1ncer de Mama, la alcaldesa de Aguascalientes\u00a0<strong>Tere Jim\u00e9nez<\/strong>, en conjunto con la asociaci\u00f3n civil \u201cEli Yo Lucho contra el C\u00e1ncer A.C.\u201d, inici\u00f3 la entrega de 100 pr\u00f3tesis mamarias externas a mujeres que han sido v\u00edctimas de esta enfermedad que representa uno de los desaf\u00edos m\u00e1s grandes para la salud p\u00fablica en el pa\u00eds.<\/p>\n<p>En el emotivo evento que tuvo como sede la Exedra de la Plaza de la Patria, la alcaldesa reiter\u00f3 su apoyo e inter\u00e9s por la salud de las mujeres , por lo que anunci\u00f3 que a trav\u00e9s del DIF Municipal se brindar\u00e1 atenci\u00f3n m\u00e9dica, acompa\u00f1amiento y rehabilitaci\u00f3n f\u00edsica a las pacientes que ya han vencido esta enfermedad y que pasaron por una mastectom\u00eda radical.<\/p>\n<p>Se\u00f1al\u00f3 que se intensifican acciones y se generan v\u00ednculos estrat\u00e9gicos para atender esta problem\u00e1tica por la que pierden la vida 90 mujeres al a\u00f1o en Aguascalientes, lo que coloca a la entidad en el tercer lugar nacional con mayor tasa de mortalidad.<\/p>\n<p>Por eso, hizo un llamado a las autoridades de salud a garantizar la atenci\u00f3n, el medicamento, as\u00ed como las medidas para ofrecer\u00a0diagn\u00f3sticos y tratamientos oportunos y efectivos,\u00a0\u00a0pues a decir de las pacientes, de unos meses a la fecha se ha retrasado la entrega de medicamentos y en otros casos, incluso se han cancelado y pospuesto sus quimioterapias.<\/p>\n<p>Adem\u00e1s, mencion\u00f3 que en el paquete econ\u00f3mico del\u00a0a\u00f1o pr\u00f3ximo que envi\u00f3 el Gobierno de M\u00e9xico\u00a0al Congreso de la Uni\u00f3n, se contempla un recorte del 26 por ciento a los recursos destinados para el c\u00e1ncer de mama, por lo que al menos 2 mil 400 mujeres podr\u00edan no recibir su tratamiento.<\/p>\n<p><strong>Martha Elizabeth Lozano Rangel,<\/strong>\u00a0Presidenta de la Asociaci\u00f3n \u201cEli Yo Lucho contra el C\u00e1ncer A.C.\u201d, agradeci\u00f3 a la alcaldesa por su sensibilidad y empat\u00eda para hacer entrega de estas pr\u00f3tesis que representan autoestima y esperanza para miles de mujeres.<\/p>\n<p>En el evento<strong>\u00a0Shyrley P\u00e9rez Lomel\u00ed<\/strong>\u00a0dio su testimonio como sobreviviente de la enfermedad; tiene 35 a\u00f1os y hace 5 fue diagnosticada con c\u00e1ncer de mama; su proceso para librar esta enfermedad fue doloroso; su seno fue mutilado y con ello su vida cambi\u00f3 radicalmente.<\/p>\n<p>Para simular su pecho utilizaba un calcet\u00edn, esto no era nada c\u00f3modo ni sencillo; fue gracias a esta asociaci\u00f3n civil que logr\u00f3 obtener una pr\u00f3tesis externa, lo que le permiti\u00f3 retomar el equilibrio en su cuerpo y en sus emociones.<\/p>\n<\/div>\n<\/article>\n<\/div>\n<\/div>\n<\/div>\n<\/div>\n","protected":false},"excerpt":{"rendered":"<p>En conjunto con la Asociaci\u00f3n civil \u201cEli Yo Lucho contra el C\u00e1ncer A.C.\u201d inici\u00f3 la entrega de 100 pr\u00f3tesis mamarias externas y anunci\u00f3 que a trav\u00e9s del DIF Municipal se brindar\u00e1n servicios m\u00e9dicos y de rehabilitaci\u00f3n a este sector En el D\u00eda Internacional de la Lucha Contra el C\u00e1ncer de Mama, la alcaldesa de Aguascalientes\u00a0Tere [&hellip;]<\/p>\n","protected":false},"author":1,"featured_media":12761,"comment_status":"closed","ping_status":"open","sticky":false,"template":"","format":"standard","meta":{"advanced_seo_description":"","jetpack_seo_html_title":"","jetpack_seo_noindex":false,"_jetpack_memberships_contains_paid_content":false,"footnotes":"","jetpack_publicize_message":"","jetpack_publicize_feature_enabled":true,"jetpack_social_post_already_shared":true,"jetpack_social_options":{"image_generator_settings":{"template":"highway","default_image_id":0,"font":"","enabled":false},"version":2}},"categories":[21,3],"tags":[22,72],"class_list":["post-12760","post","type-post","status-publish","format-standard","has-post-thumbnail","hentry","category-aguascalientes","category-municipio-aguascalientes","tag-aguascalientes","tag-mpio-aguascalientes-dif"],"jetpack_publicize_connections":[],"jetpack_featured_media_url":"https:\/\/i0.wp.com\/informativoelvalledeaguascalientes.online\/wp-content\/uploads\/2020\/10\/mpio_ags_dif_19102020.jpg?fit=1024%2C683&ssl=1","jetpack-related-posts":[],"jetpack_sharing_enabled":true,"jetpack_likes_enabled":true,"_links":{"self":[{"href":"https:\/\/informativoelvalledeaguascalientes.online\/index.php?rest_route=\/wp\/v2\/posts\/12760","targetHints":{"allow":["GET"]}}],"collection":[{"href":"https:\/\/informativoelvalledeaguascalientes.online\/index.php?rest_route=\/wp\/v2\/posts"}],"about":[{"href":"https:\/\/informativoelvalledeaguascalientes.online\/index.php?rest_route=\/wp\/v2\/types\/post"}],"author":[{"embeddable":true,"href":"https:\/\/informativoelvalledeaguascalientes.online\/index.php?rest_route=\/wp\/v2\/users\/1"}],"replies":[{"embeddable":true,"href":"https:\/\/informativoelvalledeaguascalientes.online\/index.php?rest_route=%2Fwp%2Fv2%2Fcomments&post=12760"}],"version-history":[{"count":1,"href":"https:\/\/informativoelvalledeaguascalientes.online\/index.php?rest_route=\/wp\/v2\/posts\/12760\/revisions"}],"predecessor-version":[{"id":12762,"href":"https:\/\/informativoelvalledeaguascalientes.online\/index.php?rest_route=\/wp\/v2\/posts\/12760\/revisions\/12762"}],"wp:featuredmedia":[{"embeddable":true,"href":"https:\/\/informativoelvalledeaguascalientes.online\/index.php?rest_route=\/wp\/v2\/media\/12761"}],"wp:attachment":[{"href":"https:\/\/informativoelvalledeaguascalientes.online\/index.php?rest_route=%2Fwp%2Fv2%2Fmedia&parent=12760"}],"wp:term":[{"taxonomy":"category","embeddable":true,"href":"https:\/\/informativoelvalledeaguascalientes.online\/index.php?rest_route=%2Fwp%2Fv2%2Fcategories&post=12760"},{"taxonomy":"post_tag","embeddable":true,"href":"https:\/\/informativoelvalledeaguascalientes.online\/index.php?rest_route=%2Fwp%2Fv2%2Ftags&post=12760"}],"curies":[{"name":"wp","href":"https:\/\/api.w.org\/{rel}","templated":true}]}}