{"id":12751,"date":"2020-10-19T18:26:18","date_gmt":"2020-10-20T00:26:18","guid":{"rendered":"https:\/\/informativoelvalledeaguascalientes.online\/?p=12751"},"modified":"2020-10-19T18:26:18","modified_gmt":"2020-10-20T00:26:18","slug":"iam-crea-primer-parlamento-de-mujeres-en-aguascalientes","status":"publish","type":"post","link":"https:\/\/informativoelvalledeaguascalientes.online\/?p=12751","title":{"rendered":"IAM CREA PRIMER PARLAMENTO DE MUJERES EN AGUASCALIENTES"},"content":{"rendered":"<ul>\n<li dir=\"ltr\">\n<p dir=\"ltr\">Crear un parlamento de mujeres es un gran paso para la erradicaci\u00f3n de la violencia de g\u00e9nero<\/p>\n<\/li>\n<li dir=\"ltr\">\n<p dir=\"ltr\">Est\u00e1 conformado por 11 mesas de trabajo que abordan temas de agenda pol\u00edtica y p\u00fablica<\/p>\n<\/li>\n<\/ul>\n<p>&nbsp;<\/p>\n<p dir=\"ltr\">Reconocer la importancia de integrar en la agenda p\u00fablica y pol\u00edtica, las acciones que lleven a vivir en una sociedad equitativa e igualitaria para las mujeres, es esencial, as\u00ed lo dio a conocer Nancy Guti\u00e9rrez Ruvalcaba, titular del Instituto Aguascalentense de las Mujeres (IAM), durante la inauguraci\u00f3n del primer parlamento de mujeres en Aguascalientes.<\/p>\n<p dir=\"ltr\">Explic\u00f3 que espacio es el resultado del trabajo que realizan las asociaciones feministas y que el Instituto ha contribuido a impulsar a trav\u00e9s del proyecto del observatorio ciudadano, mencionando los temas importantes que aquejan a una sociedad desigualitaria.<\/p>\n<p dir=\"ltr\">Nancy Guti\u00e9rrez mencion\u00f3 que este tipo de ejercicios contribuyen a erradicar la violencia hacia las mujeres, puntualizando que el IAM tiene la encomienda de escucharlas a todas, para darles voz y\u00a0 crear pol\u00edticas p\u00fablicas que las beneficien.<\/p>\n<p dir=\"ltr\">Por su parte, Wina Rosas Escutia, consejera estatal del Instituto Nacional de las Mujeres (INMUJERES), apunt\u00f3 que se conformaron 11 mesas de trabajo, encabezadas por mujeres reconocidas pertenecientes a diferentes colectivos, como Cultivando G\u00e9nero, Mujer semilla y Mujeres Empresarias Mexicanas, con un tema distinto cada una, mismas que pertenecen a la agenda pol\u00edtica que permitir\u00e1 transformar las pol\u00edticas p\u00fablicas que actualmente rigen nuestra sociedad.<\/p>\n<p dir=\"ltr\">Mencion\u00f3 que los temas m\u00e1s importantes son la violencia contra las mujeres, educacion, salud, desarrollo econo\u00b4mico, participaci\u00f3n pol\u00edtica, seguridad p\u00fablica y acceso a la justicia, cultura y deporte, derechos digitales, medio ambiente, movilidad urbana y empoderamiento.<\/p>\n<p dir=\"ltr\">Asimismo Rosas Escutia se\u00f1al\u00f3 que uno de los objetivos por los que se trabaja, es para incorporar los principios de perspectiva de g\u00e9nero y de interseccionalidad en la generaci\u00f3n de informaci\u00f3n sobre el impacto en la sociedad de los programas gubernamentales, con lo que se podr\u00e1 contar con informaci\u00f3n estad\u00edstica que permita el monitoreo y seguimiento de los temas que en esta asamblea se discuten.<\/p>\n","protected":false},"excerpt":{"rendered":"<p>Crear un parlamento de mujeres es un gran paso para la erradicaci\u00f3n de la violencia de g\u00e9nero Est\u00e1 conformado por 11 mesas de trabajo que abordan temas de agenda pol\u00edtica y p\u00fablica &nbsp; Reconocer la importancia de integrar en la agenda p\u00fablica y pol\u00edtica, las acciones que lleven a vivir en una sociedad equitativa e [&hellip;]<\/p>\n","protected":false},"author":1,"featured_media":12752,"comment_status":"closed","ping_status":"open","sticky":false,"template":"","format":"standard","meta":{"advanced_seo_description":"","jetpack_seo_html_title":"","jetpack_seo_noindex":false,"_jetpack_memberships_contains_paid_content":false,"footnotes":"","jetpack_publicize_message":"","jetpack_publicize_feature_enabled":true,"jetpack_social_post_already_shared":true,"jetpack_social_options":{"image_generator_settings":{"template":"highway","default_image_id":0,"font":"","enabled":false},"version":2}},"categories":[21,4],"tags":[22,57],"class_list":["post-12751","post","type-post","status-publish","format-standard","has-post-thumbnail","hentry","category-aguascalientes","category-gobierno-del-estado-aguascalientes","tag-aguascalientes","tag-iam"],"jetpack_publicize_connections":[],"jetpack_featured_media_url":"https:\/\/i0.wp.com\/informativoelvalledeaguascalientes.online\/wp-content\/uploads\/2020\/10\/iam_19102020-scaled.jpg?fit=2560%2C1707&ssl=1","jetpack-related-posts":[],"jetpack_sharing_enabled":true,"jetpack_likes_enabled":true,"_links":{"self":[{"href":"https:\/\/informativoelvalledeaguascalientes.online\/index.php?rest_route=\/wp\/v2\/posts\/12751","targetHints":{"allow":["GET"]}}],"collection":[{"href":"https:\/\/informativoelvalledeaguascalientes.online\/index.php?rest_route=\/wp\/v2\/posts"}],"about":[{"href":"https:\/\/informativoelvalledeaguascalientes.online\/index.php?rest_route=\/wp\/v2\/types\/post"}],"author":[{"embeddable":true,"href":"https:\/\/informativoelvalledeaguascalientes.online\/index.php?rest_route=\/wp\/v2\/users\/1"}],"replies":[{"embeddable":true,"href":"https:\/\/informativoelvalledeaguascalientes.online\/index.php?rest_route=%2Fwp%2Fv2%2Fcomments&post=12751"}],"version-history":[{"count":1,"href":"https:\/\/informativoelvalledeaguascalientes.online\/index.php?rest_route=\/wp\/v2\/posts\/12751\/revisions"}],"predecessor-version":[{"id":12753,"href":"https:\/\/informativoelvalledeaguascalientes.online\/index.php?rest_route=\/wp\/v2\/posts\/12751\/revisions\/12753"}],"wp:featuredmedia":[{"embeddable":true,"href":"https:\/\/informativoelvalledeaguascalientes.online\/index.php?rest_route=\/wp\/v2\/media\/12752"}],"wp:attachment":[{"href":"https:\/\/informativoelvalledeaguascalientes.online\/index.php?rest_route=%2Fwp%2Fv2%2Fmedia&parent=12751"}],"wp:term":[{"taxonomy":"category","embeddable":true,"href":"https:\/\/informativoelvalledeaguascalientes.online\/index.php?rest_route=%2Fwp%2Fv2%2Fcategories&post=12751"},{"taxonomy":"post_tag","embeddable":true,"href":"https:\/\/informativoelvalledeaguascalientes.online\/index.php?rest_route=%2Fwp%2Fv2%2Ftags&post=12751"}],"curies":[{"name":"wp","href":"https:\/\/api.w.org\/{rel}","templated":true}]}}