{"id":12745,"date":"2020-10-19T18:22:14","date_gmt":"2020-10-20T00:22:14","guid":{"rendered":"https:\/\/informativoelvalledeaguascalientes.online\/?p=12745"},"modified":"2020-10-19T18:22:14","modified_gmt":"2020-10-20T00:22:14","slug":"iaju-abre-convocatoria-premio-estatal-de-la-juventud-2020-con-un-premio-de-30-mil-pesos","status":"publish","type":"post","link":"https:\/\/informativoelvalledeaguascalientes.online\/?p=12745","title":{"rendered":"IAJU ABRE CONVOCATORIA \u201cPREMIO ESTATAL DE LA JUVENTUD 2020\u201d CON UN PREMIO DE 30 MIL PESOS\u00a0\u00a0\u00a0"},"content":{"rendered":"<ul>\n<li dir=\"ltr\">\n<p dir=\"ltr\">Se busca reconocer el esfuerzo y trayectoria de las y los j\u00f3venes que han contribuido al desarrollo de Aguascalientes<\/p>\n<\/li>\n<li dir=\"ltr\">\n<p dir=\"ltr\">Habr\u00e1 tres categor\u00edas diferentes, cada una con un premio de 30 mil pesos<\/p>\n<\/li>\n<\/ul>\n<p>&nbsp;<\/p>\n<p dir=\"ltr\">Con el objetivo de reconocer el esfuerzo y dedicaci\u00f3n que las y los j\u00f3venes de Aguascalientes han realizado a favor del crecimiento de la sociedad del estado, Ruth Guzm\u00e1n Cuevas, directora del Instituto Aguascalentense de la Juventud (IAJU) dio a conocer la convocatoria \u201cPremio Estatal de la Juventud 2020\u201d.<\/p>\n<p dir=\"ltr\">Explic\u00f3 que el Instituto busca reconocer y premiar las acciones que las y los j\u00f3venes de Aguascalientes, emprenden en pro del bienestar com\u00fan y que adem\u00e1s han logrado ser motivo de orgullo e inspiraci\u00f3n para otros.<\/p>\n<p dir=\"ltr\">La titular mencion\u00f3 que la convocatoria est\u00e1 dirigida a las y los j\u00f3venes de 12 a 29 a\u00f1os; estudiantes, asociaciones civiles, c\u00e1maras empresariales y toda aquella persona joven, que por su trayectoria, proyectos, actividades, ideales, esfuerzo y resultado, merezca dicho reconocimiento.<\/p>\n<p dir=\"ltr\">El premio se dividir\u00e1 en tres categor\u00edas: Contribuci\u00f3n al desarrollo cultural y art\u00edstico, Contribuci\u00f3n a la promoci\u00f3n y defensa de los Derechos Humanos y Contribuci\u00f3n al Desarrollo Sustentable y Medio Ambiente; el ganador de cada una de las tres categor\u00edas recibir\u00e1 un reconocimiento, as\u00ed como un est\u00edmulo econ\u00f3mico de 30 mil pesos, mencion\u00f3 Ruth Guzm\u00e1n.<\/p>\n<p dir=\"ltr\">Cabe destacar que para la selecci\u00f3n de los ganadores se tomar\u00e1n en consideraci\u00f3n el aporte solidario de sus conocimientos a personas vulnerables as\u00ed como el fomento a la integraci\u00f3n de la familia, dijo.<\/p>\n<p dir=\"ltr\">El proceso de inscripci\u00f3n y de recepci\u00f3n de documentos ser\u00e1 hasta el d\u00eda 15 de noviembre de 2020, se podr\u00e1 presentar la documentaci\u00f3n en el Instituto Aguascalentense de la Juventud, ubicado en Av. Paseo de Ojocaliente n\u00famero 556, Fracc. Jes\u00fas G\u00f3mez Portugal, C.P.20250, en un horario de atenci\u00f3n de lunes a viernes de las 08:30 a las 15:30 horas; o bien, de las 15:30 a las 19:30 horas con previa cita. Tel\u00e9fono de contacto: 910- 21-41<\/p>\n<div><\/div>\n<p>&nbsp;<\/p>\n","protected":false},"excerpt":{"rendered":"<p>Se busca reconocer el esfuerzo y trayectoria de las y los j\u00f3venes que han contribuido al desarrollo de Aguascalientes Habr\u00e1 tres categor\u00edas diferentes, cada una con un premio de 30 mil pesos &nbsp; Con el objetivo de reconocer el esfuerzo y dedicaci\u00f3n que las y los j\u00f3venes de Aguascalientes han realizado a favor del crecimiento [&hellip;]<\/p>\n","protected":false},"author":1,"featured_media":12746,"comment_status":"closed","ping_status":"open","sticky":false,"template":"","format":"standard","meta":{"advanced_seo_description":"","jetpack_seo_html_title":"","jetpack_seo_noindex":false,"_jetpack_memberships_contains_paid_content":false,"footnotes":"","jetpack_publicize_message":"","jetpack_publicize_feature_enabled":true,"jetpack_social_post_already_shared":true,"jetpack_social_options":{"image_generator_settings":{"template":"highway","default_image_id":0,"font":"","enabled":false},"version":2}},"categories":[21,4],"tags":[22,35],"class_list":["post-12745","post","type-post","status-publish","format-standard","has-post-thumbnail","hentry","category-aguascalientes","category-gobierno-del-estado-aguascalientes","tag-aguascalientes","tag-iaju"],"jetpack_publicize_connections":[],"jetpack_featured_media_url":"https:\/\/i0.wp.com\/informativoelvalledeaguascalientes.online\/wp-content\/uploads\/2020\/10\/iaju_19102020.jpg?fit=960%2C960&ssl=1","jetpack-related-posts":[],"jetpack_sharing_enabled":true,"jetpack_likes_enabled":true,"_links":{"self":[{"href":"https:\/\/informativoelvalledeaguascalientes.online\/index.php?rest_route=\/wp\/v2\/posts\/12745","targetHints":{"allow":["GET"]}}],"collection":[{"href":"https:\/\/informativoelvalledeaguascalientes.online\/index.php?rest_route=\/wp\/v2\/posts"}],"about":[{"href":"https:\/\/informativoelvalledeaguascalientes.online\/index.php?rest_route=\/wp\/v2\/types\/post"}],"author":[{"embeddable":true,"href":"https:\/\/informativoelvalledeaguascalientes.online\/index.php?rest_route=\/wp\/v2\/users\/1"}],"replies":[{"embeddable":true,"href":"https:\/\/informativoelvalledeaguascalientes.online\/index.php?rest_route=%2Fwp%2Fv2%2Fcomments&post=12745"}],"version-history":[{"count":1,"href":"https:\/\/informativoelvalledeaguascalientes.online\/index.php?rest_route=\/wp\/v2\/posts\/12745\/revisions"}],"predecessor-version":[{"id":12747,"href":"https:\/\/informativoelvalledeaguascalientes.online\/index.php?rest_route=\/wp\/v2\/posts\/12745\/revisions\/12747"}],"wp:featuredmedia":[{"embeddable":true,"href":"https:\/\/informativoelvalledeaguascalientes.online\/index.php?rest_route=\/wp\/v2\/media\/12746"}],"wp:attachment":[{"href":"https:\/\/informativoelvalledeaguascalientes.online\/index.php?rest_route=%2Fwp%2Fv2%2Fmedia&parent=12745"}],"wp:term":[{"taxonomy":"category","embeddable":true,"href":"https:\/\/informativoelvalledeaguascalientes.online\/index.php?rest_route=%2Fwp%2Fv2%2Fcategories&post=12745"},{"taxonomy":"post_tag","embeddable":true,"href":"https:\/\/informativoelvalledeaguascalientes.online\/index.php?rest_route=%2Fwp%2Fv2%2Ftags&post=12745"}],"curies":[{"name":"wp","href":"https:\/\/api.w.org\/{rel}","templated":true}]}}