{"id":12682,"date":"2020-10-18T20:58:43","date_gmt":"2020-10-19T02:58:43","guid":{"rendered":"https:\/\/informativoelvalledeaguascalientes.online\/?p=12682"},"modified":"2020-10-18T20:58:43","modified_gmt":"2020-10-19T02:58:43","slug":"osa-realiza-conciertos-al-aire-libre-como-parte-de-la-reactivacion-cultural","status":"publish","type":"post","link":"https:\/\/informativoelvalledeaguascalientes.online\/?p=12682","title":{"rendered":"OSA REALIZA CONCIERTOS AL AIRE LIBRE COMO PARTE DE LA REACTIVACI\u00d3N CULTURAL\u00a0"},"content":{"rendered":"<ul>\n<li dir=\"ltr\">\n<p dir=\"ltr\">Inaugura gobernador iluminaci\u00f3n arquitect\u00f3nica del Teatro Aguascalientes<\/p>\n<\/li>\n<li dir=\"ltr\">\n<p dir=\"ltr\">Innovaci\u00f3n y creatividad, indispensable para retomar actividades culturales, protegiendo la salud: Mos<\/p>\n<\/li>\n<\/ul>\n<p dir=\"ltr\">Tras un periodo de dif\u00edcil confinamiento y paro de actividades, el gobierno de Mart\u00edn Orozco Sandoval busca el restablecimiento gradual de la oferta cultural presencial de nuestro estado, la cual es fundamental para recomponer el tejido social, incidiendo sobre el estado an\u00edmico de las personas y la integraci\u00f3n social.<\/p>\n<p dir=\"ltr\">Por este motivo, el gobernador presidi\u00f3 el evento de encendido ornamental del Teatro Aguascalientes, el cual fue el marco para la realizaci\u00f3n del primer concierto de la Orquesta Sinf\u00f3nica (OSA), en el contexto de la pandemia por COVID que vivimos.<\/p>\n<p dir=\"ltr\">Estos conciertos forman parte del restablecimiento paulatino de los eventos culturales en Aguascalientes, se\u00f1al\u00f3 Orozco Sandoval al referir que es preciso innovar y ser creativos en la forma en la que se acerca el arte y la cultura a la ciudadan\u00eda, adapt\u00e1ndonos a una nueva normalidad.<\/p>\n<p dir=\"ltr\">Se\u00f1al\u00f3 que se han tomado decisiones responsables, siempre salvaguardando la salud de las personas.<\/p>\n<p dir=\"ltr\">Por su parte, la directora del Instituto Cultural de Aguascalientes, Claudia Patricia Santa Ana Zald\u00edvar, destac\u00f3 que el arranque de la temporada de conciertos al aire libre de la OSA, tiene no s\u00f3lo el objetivo de dar impulso al sector cultural que tambi\u00e9n es un importante sector productivo, sino tambi\u00e9n de permitir una nueva apropiaci\u00f3n de los espacios culturales de una manera distinta, que nos permita cuidarnos entre todos.<\/p>\n<p dir=\"ltr\">Fue el \u00e1rea de jardines del Teatro Aguascalientes donde las y los asistentes pudieron disfrutar de un espect\u00e1culo visual y auditivo, apegados a todas las medidas sanitarias en esta etapa de conciertos al aire libre, pionera en el pa\u00eds.<\/p>\n<p dir=\"ltr\">Cabe se\u00f1alar que el concierto estuvo a cargo del Director Lanfranco Marcelletti Jr, reconocido m\u00fasico brasile\u00f1o, y que para la nueva iluminaci\u00f3n del Teatro Aguascalientes se invirti\u00f3 una suma superior a los 2 millones de pesos.<\/p>\n","protected":false},"excerpt":{"rendered":"<p>Inaugura gobernador iluminaci\u00f3n arquitect\u00f3nica del Teatro Aguascalientes Innovaci\u00f3n y creatividad, indispensable para retomar actividades culturales, protegiendo la salud: Mos Tras un periodo de dif\u00edcil confinamiento y paro de actividades, el gobierno de Mart\u00edn Orozco Sandoval busca el restablecimiento gradual de la oferta cultural presencial de nuestro estado, la cual es fundamental para recomponer el tejido [&hellip;]<\/p>\n","protected":false},"author":1,"featured_media":12683,"comment_status":"closed","ping_status":"open","sticky":false,"template":"","format":"standard","meta":{"advanced_seo_description":"","jetpack_seo_html_title":"","jetpack_seo_noindex":false,"_jetpack_memberships_contains_paid_content":false,"footnotes":"","jetpack_publicize_message":"","jetpack_publicize_feature_enabled":true,"jetpack_social_post_already_shared":true,"jetpack_social_options":{"image_generator_settings":{"template":"highway","default_image_id":0,"font":"","enabled":false},"version":2}},"categories":[21,4],"tags":[22,52,31,149],"class_list":["post-12682","post","type-post","status-publish","format-standard","has-post-thumbnail","hentry","category-aguascalientes","category-gobierno-del-estado-aguascalientes","tag-aguascalientes","tag-ica","tag-mos","tag-osa"],"jetpack_publicize_connections":[],"jetpack_featured_media_url":"https:\/\/i0.wp.com\/informativoelvalledeaguascalientes.online\/wp-content\/uploads\/2020\/10\/mos_osa_16102020.jpg?fit=938%2C625&ssl=1","jetpack-related-posts":[],"jetpack_sharing_enabled":true,"jetpack_likes_enabled":true,"_links":{"self":[{"href":"https:\/\/informativoelvalledeaguascalientes.online\/index.php?rest_route=\/wp\/v2\/posts\/12682","targetHints":{"allow":["GET"]}}],"collection":[{"href":"https:\/\/informativoelvalledeaguascalientes.online\/index.php?rest_route=\/wp\/v2\/posts"}],"about":[{"href":"https:\/\/informativoelvalledeaguascalientes.online\/index.php?rest_route=\/wp\/v2\/types\/post"}],"author":[{"embeddable":true,"href":"https:\/\/informativoelvalledeaguascalientes.online\/index.php?rest_route=\/wp\/v2\/users\/1"}],"replies":[{"embeddable":true,"href":"https:\/\/informativoelvalledeaguascalientes.online\/index.php?rest_route=%2Fwp%2Fv2%2Fcomments&post=12682"}],"version-history":[{"count":1,"href":"https:\/\/informativoelvalledeaguascalientes.online\/index.php?rest_route=\/wp\/v2\/posts\/12682\/revisions"}],"predecessor-version":[{"id":12684,"href":"https:\/\/informativoelvalledeaguascalientes.online\/index.php?rest_route=\/wp\/v2\/posts\/12682\/revisions\/12684"}],"wp:featuredmedia":[{"embeddable":true,"href":"https:\/\/informativoelvalledeaguascalientes.online\/index.php?rest_route=\/wp\/v2\/media\/12683"}],"wp:attachment":[{"href":"https:\/\/informativoelvalledeaguascalientes.online\/index.php?rest_route=%2Fwp%2Fv2%2Fmedia&parent=12682"}],"wp:term":[{"taxonomy":"category","embeddable":true,"href":"https:\/\/informativoelvalledeaguascalientes.online\/index.php?rest_route=%2Fwp%2Fv2%2Fcategories&post=12682"},{"taxonomy":"post_tag","embeddable":true,"href":"https:\/\/informativoelvalledeaguascalientes.online\/index.php?rest_route=%2Fwp%2Fv2%2Ftags&post=12682"}],"curies":[{"name":"wp","href":"https:\/\/api.w.org\/{rel}","templated":true}]}}