{"id":12635,"date":"2020-10-15T21:15:43","date_gmt":"2020-10-16T03:15:43","guid":{"rendered":"https:\/\/informativoelvalledeaguascalientes.online\/?p=12635"},"modified":"2020-10-15T21:15:43","modified_gmt":"2020-10-16T03:15:43","slug":"rindieron-protesta-los-integrantes-de-la-comision-de-seleccion-que-designara-al-comite-de-participacion-ciudadana-del-sistema-estatal-anticorrupcion","status":"publish","type":"post","link":"https:\/\/informativoelvalledeaguascalientes.online\/?p=12635","title":{"rendered":"RINDIERON PROTESTA LOS INTEGRANTES DE LA COMISI\u00d3N DE SELECCI\u00d3N QUE DESIGNAR\u00c1 AL COMIT\u00c9 DE PARTICIPACI\u00d3N CIUDADANA DEL SISTEMA ESTATAL ANTICORRUPCI\u00d3N"},"content":{"rendered":"<p>Rosa Avelina V\u00e1zquez Carre\u00f3n, Javier \u00c1vila Moncivaez, Mauricio Zavaleta Mac\u00edas, Lizzet Arely Ju\u00e1rez Jaimes, Fernando Ram\u00edrez Flores, Elvia Alicia Jaime Garc\u00eda, Jos\u00e9 Luis Collazo Rivas, Jos\u00e9 de Jes\u00fas Medrano Escobedo y Carlos Hugo Maza Ar\u00e9valo, asumir\u00e1n funciones en dicho \u00f3rgano.<\/p>\n<p>Avalan reformas para que se detecte y atienda de manera oportuna, casos de trastornos mentales en escuelas.<br \/>\nReconocen en ley, derechos de la poblaci\u00f3n a acceder a la cultura y sus diversas expresiones art\u00edsticas.<br \/>\nFueron aprobado diversos Puntos de Acuerdo, entre ellos, en el que se extiende un reconocimiento al personal m\u00e9dico de la entidad que atiende de forma incansable a los pacientes de Covid-19.<\/p>\n<p>El Pleno de la LXIV Legislatura aprob\u00f3 por unanimidad, mediante voto por c\u00e9dula, el informe que emiti\u00f3 la Comisi\u00f3n de Transparencia y Anticorrupci\u00f3n del Congreso Local, con el que nombraron a los nueves integrantes de la Comisi\u00f3n de Selecci\u00f3n que a su vez designar\u00e1 al Comit\u00e9 de Participaci\u00f3n Ciudadana del Sistema Estatal Anticorrupci\u00f3n.<\/p>\n<p>&nbsp;<\/p>\n<p>As\u00ed, a propuesta de las instituciones de educaci\u00f3n superior y de investigaci\u00f3n fueron designados: Rosa Avelina V\u00e1zquez Carre\u00f3n, Javier \u00c1vila Moncivaez, Mauricio Zavaleta Mac\u00edas, Lizzet Arely Ju\u00e1rez Jaimes y Fernando Ram\u00edrez Flores.<\/p>\n<p>&nbsp;<\/p>\n<p>Y a su vez, por parte de las organizaciones de la sociedad civil, los elegidos son: Elvia Alicia Jaime Garc\u00eda, Jos\u00e9 Luis Collazo Rivas, Jos\u00e9 de Jes\u00fas Medrano Escobedo y Carlos Hugo Maza Ar\u00e9valo.<\/p>\n<p>&nbsp;<\/p>\n<p>Tras su elecci\u00f3n por parte del pleno legislativo, rindieron la protesta de ley para comenzar sus funciones correspondientes.<\/p>\n<p>&nbsp;<\/p>\n<p>En seguida, las y los diputados se pronunciaron de manera afirmativa por el dictamen que emiti\u00f3 la Comisi\u00f3n de Salud P\u00fablica y Asistencia Social, que resuelve la integraci\u00f3n de diversas iniciativas para reformar la Ley de Salud del Estado de Aguascalientes, orientadas a la conformaci\u00f3n de sistemas y protocolos de detecci\u00f3n de trastornos mentales y emocionales en menores de edad.<\/p>\n<p>&nbsp;<\/p>\n<p>Las modificaciones contemplan adem\u00e1s, la intervenci\u00f3n de la autoridad estatal de salud en la implementaci\u00f3n de esquemas de diagn\u00f3stico y seguimiento de casos registrados en planteles escolares, a cargo de especialistas en salud mental.<\/p>\n<p>&nbsp;<\/p>\n<p>Momentos antes de la votaci\u00f3n de este documento, la diputada Patricia Garc\u00eda, una de las promotoras de las reformas, consider\u00f3 que la atenci\u00f3n a la salud mental deber ser prioridad, pues \u201cen muchos casos, atendemos la salud f\u00edsica, pero los trastornos emocionales no los tratamos con especialistas\u201d, al subrayar que ahora m\u00e1s que nunca se debe atender este aspecto de la vida personal, porque la pandemia ha derivado en aislamiento y afectaci\u00f3n en las relaciones humanas.<\/p>\n<p>&nbsp;<\/p>\n<p>Por su parte, la legisladora Karina Banda Iglesias, calific\u00f3 de trascendente esta serie de modificaciones, porque van encaminadas detectar de manera oportuna casos de potenciales suicidas, pues hay estudios que revelan \u201cque una persona con depresi\u00f3n da se\u00f1ales de alerta un a\u00f1o antes de llegar a pensar en atentar contra su propia vida\u201d. Refiri\u00f3 que seg\u00fan cifras del INEGI, en Aguascalientes hay 10 muertes por cada 100 mil habitantes a causa de la autoinmolaci\u00f3n, al ubicarla en un lamentable segundo lugar a nivel nacional, solo detr\u00e1s del estado de Yucat\u00e1n.<\/p>\n<p>&nbsp;<\/p>\n<p>A su vez, la legisladora Margarita Gallegos Soto, tambi\u00e9n promotora de la iniciativa, destac\u00f3 que el Congreso Local ha impulsado diversas modificaciones al marco legal para ampliar las facultades de la autoridad de salud y atender de forma m\u00e1s intensa y oportuna este tipo de trastornos mentales. Ante un escenario de confinamiento y aislamiento por la pandemia, \u201cestamos obligadas y obligados a impulsar reformas que refuercen los sistemas de detecci\u00f3n y atenci\u00f3n oportuna de estos padecimientos mentales, principalmente en ni\u00f1as, ni\u00f1os y adolescentes\u201d.<\/p>\n<p>&nbsp;<\/p>\n<p>En su oportunidad, la diputada Elsa Land\u00edn Olivares, subray\u00f3 que este dictamen que resuelve diversas iniciativas en salud mental est\u00e1 sustentado en investigaciones cient\u00edficas que derivaron en la aplicaci\u00f3n 3 mil estudios independientes, conducidos por el Psic\u00f3logo Nefi Campos, por lo que es de suma importancia aplicar en campo estas reformas y etiquetar el presupuesto suficiente para realizar estas acciones, \u201cal estar la poblaci\u00f3n en riesgo de padecer trastornos emocionales a causa del aislamiento social por la pandemia\u201d.<\/p>\n<p>&nbsp;<\/p>\n<p>Acto seguido, fue avalado por el Pleno de la LXIV Legislatura el dictamen que formul\u00f3 la Comisi\u00f3n de Educaci\u00f3n y Cultura, a trav\u00e9s del cual resuelven la iniciativa de reforma la Ley de Cultura del Estado de Aguascalientes.<\/p>\n<p>&nbsp;<\/p>\n<p>Con la modificaci\u00f3n, se establece el reconocimiento de los derechos de acceso a la cultura en todas sus expresiones, con programas de calidad que permitan el acercamiento de la poblaci\u00f3n con las diferentes ramas que engloban la cultura.<\/p>\n<p>&nbsp;<\/p>\n<p>Al respecto, la legisladora Karina Banda Iglesias, dijo que esta modificaci\u00f3n consolida un derecho ciudadano de tener acceso a los programas culturales e incentivar la participaci\u00f3n en las diversas expresiones art\u00edsticas.<br \/>\nSiguiendo con el desahogo del orden del d\u00eda, se aprob\u00f3 por mayor\u00eda el Punto de Acuerdo que present\u00f3\u00a0la diputada del PAN, Karina Eudave Delgado\u00a0para que el Congreso del Estado exhorte al Senado de la Rep\u00fablica para que dentro de sus facultades legisle a la brevedad la minuta que le fue turnada el 17 de abril del 2018 mediante el cual se expide la Ley de Justicia C\u00edvica e Itinerante.<\/p>\n<p>Por su parte, la\u00a0promotora del Punto de Acuerdo, Karina Eudave Delgado\u00a0se\u00f1al\u00f3 que debido a que en comisiones ya abord\u00f3 el tema de justicia c\u00edvica, es necesario que el Senado de la Rep\u00fablica apruebe y expida la ley general en la materia a fin de no caer en una inconstitucionalidad debido a que hay municipios que ya presentaron iniciativas en este sentido.<\/p>\n<p>Asimismo,\u00a0el legislador del PAN, Luis Enrique Garc\u00eda L\u00f3pez\u00a0expuso que despu\u00e9s de hacer un an\u00e1lisis en esta materia, los diputados se percataron de esta situaci\u00f3n, por lo que se sum\u00f3 a este punto de acuerdo para que exista un marco normativo y pueda ya aplicarse en todo el pa\u00eds, adem\u00e1s se manifest\u00f3 a favor de continuar trabajando m\u00e1s a fondo en las en medidas de prevenci\u00f3n, las cuales generar\u00e1n que exista una mejor eficiencia en la impartici\u00f3n de justicia.<\/p>\n<p>Asimismo, se desech\u00f3 el Punto de Acuerdo que present\u00f3 la\u00a0congresista de MORENA, Natzielly Rodr\u00edguez Calzada\u00a0en el cual se exhorta al gobernador del Estado, Mart\u00edn Orozco Sandoval y al titular del Centro de Control, Comando, Comunicaciones y C\u00f3mputo (C5), para que se pueda utilizar la infraestructura que se encuentra en posesi\u00f3n de este complejo y as\u00ed poder otorgar internet gratuito a todo el Estado de Aguascalientes, para que los estudiantes puedan acceder a las clases en l\u00ednea, en tanto no se regularice la actividad educativa en la entidad.<br \/>\nPor su parte,\u00a0la legisladora de MORENA, Natzielly Rodr\u00edguez Calzada\u00a0manifest\u00f3 su preocupaci\u00f3n por la situaci\u00f3n que est\u00e1n viviendo las ni\u00f1as y ni\u00f1os de Aguascalientes, sobre todo en la zona oriente de la capital, en donde por el tema de la pandemia, los infantes no pueden recibir sus clases en l\u00ednea de primaria y secundaria por no tener internet en sus domicilios, por lo que de aprobarlo ser\u00eda en beneficio de la poblaci\u00f3n.<\/p>\n<p>En su oportunidad, el\u00a0diputado del PAN, Luis Enrique Garc\u00eda L\u00f3pez,\u00a0pidi\u00f3 a la promotora especificar m\u00e1s su propuesta ya que si se utiliza la fibra \u00f3ptica del C5 para repetir la se\u00f1al de internet se corre el riesgo de que la informaci\u00f3n de esta instancia sea vulnerada.<\/p>\n<p>De igual manera se aprob\u00f3 el\u00a0Punto de Acuerdo que present\u00f3 la diputada del PAN, Karina Eudave Delgado\u00a0en el que se exhorta al presidente de M\u00e9xico, Andr\u00e9s Manuel L\u00f3pez Obrador y a los titulares de la Secretar\u00eda de Salud Federal, IMSS e ISSSTE, para que giren instrucciones y se realice una investigaci\u00f3n en los hospitales p\u00fablicos con el objeto de determinar qu\u00e9 medicamentos faltan para garantizar la debida atenci\u00f3n y la continuidad de los tratamientos de las personas que padecen c\u00e1ncer, en particular para las ni\u00f1as y ni\u00f1os que reciben quimioterapia.<\/p>\n<p>Adem\u00e1s para que realicen las acciones necesarias con el fin de garantizar el debido abasto sin interrupci\u00f3n de medicamentos para otorgar atenci\u00f3n a todos los menores de edad que padecen c\u00e1ncer, con los m\u00e1s altos est\u00e1ndares de calidad y calidez. Tambi\u00e9n instrumente los procedimientos correspondientes a fin de garantizar la comercializaci\u00f3n y distribuci\u00f3n de los medicamentos necesarios para atender a las ni\u00f1as y ni\u00f1os con c\u00e1ncer, lo anterior sin menoscabo de sus facultades de supervisi\u00f3n y control sanitaria.<\/p>\n<p>En su oportunidad,\u00a0la congresista del PAN, Patricia Garc\u00eda\u00a0dijo que es lamentable que se pida en un exhorto al sector salud para que se den los medicamentos para paciente con enfermedades cr\u00edticas, se\u00f1al\u00f3 que hay padres de familia que a falta de estos tienen un desgaste emocional y econ\u00f3mico, \u201cel sector salud est\u00e9 titubeando en esto, es triste y lamentable\u201d. Dej\u00f3 en claro que es necesario que se tome conciencia de que el medicamento es muy importante para los enfermos.<\/p>\n<p>De igual manera, la\u00a0diputada del PAN, Karina Eudave Delgado\u00a0expuso este punto de acuerdo es\u00a0\u00a0trascendental porque tiene que ver con una problem\u00e1tica que las autoridades de salud no han resuelto, es decir, el desabasto de medicamentos para las ni\u00f1as y ni\u00f1os que padecen c\u00e1ncer. Adem\u00e1s record\u00f3 el robo de medicinas que se registr\u00f3 hace d\u00edas, en donde hasta el momento no exista una denuncia formal al respecto; y se\u00f1al\u00f3 que el c\u00e1ncer es la segunda causa de muerte en ni\u00f1as y ni\u00f1os.<\/p>\n<p>A su vez, el\u00a0legislador de Nueva Alianza, Mario Armando Valdez Herrera\u00a0pidi\u00f3 a la promovente el agregar tambi\u00e9n que se toque el tema del desabasto de medicamentos para personas con diabetes e hipertensi\u00f3n, que son padecimientos en donde las personas las tienen deben comprar las medicinas en la iniciativa privada debido al desabasto que existe. La propuesta fue aprobada por la promovente.<\/p>\n<p>Asimismo, tambi\u00e9n se aprob\u00f3 el Punto de Acuerdo, con car\u00e1cter de pronta y obvia resoluci\u00f3n, que propuso la diputada Elsa Land\u00edn Olivares, y a la que se sumaron las y los diputados presentes, para que el Poder Legislativo reconozca de manera oficial al personal m\u00e9dico y administrativo que integran el Sistema Estatal y Federal de Salud, por su vocaci\u00f3n y esfuerzo heroico que han empleado al atender la pandemia de Covid- 19.<\/p>\n<p>Tras esta intervenci\u00f3n, el presidente de la mesa directiva, diputado Luis Enrique Garc\u00eda L\u00f3pez, procedi\u00f3 a la clausura de los trabajos de la presente sesi\u00f3n, al tiempo que convoc\u00f3 al pleno para la asamblea ordinaria que tendr\u00e1 verificativo el jueves 22 de octubre, a las 10:00 horas, en el Recinto Oficial Soberana Convenci\u00f3n Revolucionaria de Aguascalientes.<\/p>\n","protected":false},"excerpt":{"rendered":"<p>Rosa Avelina V\u00e1zquez Carre\u00f3n, Javier \u00c1vila Moncivaez, Mauricio Zavaleta Mac\u00edas, Lizzet Arely Ju\u00e1rez Jaimes, Fernando Ram\u00edrez Flores, Elvia Alicia Jaime Garc\u00eda, Jos\u00e9 Luis Collazo Rivas, Jos\u00e9 de Jes\u00fas Medrano Escobedo y Carlos Hugo Maza Ar\u00e9valo, asumir\u00e1n funciones en dicho \u00f3rgano. Avalan reformas para que se detecte y atienda de manera oportuna, casos de trastornos mentales [&hellip;]<\/p>\n","protected":false},"author":1,"featured_media":12636,"comment_status":"closed","ping_status":"open","sticky":false,"template":"","format":"standard","meta":{"advanced_seo_description":"","jetpack_seo_html_title":"","jetpack_seo_noindex":false,"_jetpack_memberships_contains_paid_content":false,"footnotes":"","jetpack_publicize_message":"","jetpack_publicize_feature_enabled":true,"jetpack_social_post_already_shared":true,"jetpack_social_options":{"image_generator_settings":{"template":"highway","default_image_id":0,"font":"","enabled":false},"version":2}},"categories":[21,5],"tags":[22,44],"class_list":["post-12635","post","type-post","status-publish","format-standard","has-post-thumbnail","hentry","category-aguascalientes","category-h-congreso-del-estado-aguascalientes","tag-aguascalientes","tag-lxiv-legislatura-aguascalientes"],"jetpack_publicize_connections":[],"jetpack_featured_media_url":"https:\/\/i0.wp.com\/informativoelvalledeaguascalientes.online\/wp-content\/uploads\/2020\/10\/hce_ags_15102020.jpg?fit=1132%2C568&ssl=1","jetpack-related-posts":[],"jetpack_sharing_enabled":true,"jetpack_likes_enabled":true,"_links":{"self":[{"href":"https:\/\/informativoelvalledeaguascalientes.online\/index.php?rest_route=\/wp\/v2\/posts\/12635","targetHints":{"allow":["GET"]}}],"collection":[{"href":"https:\/\/informativoelvalledeaguascalientes.online\/index.php?rest_route=\/wp\/v2\/posts"}],"about":[{"href":"https:\/\/informativoelvalledeaguascalientes.online\/index.php?rest_route=\/wp\/v2\/types\/post"}],"author":[{"embeddable":true,"href":"https:\/\/informativoelvalledeaguascalientes.online\/index.php?rest_route=\/wp\/v2\/users\/1"}],"replies":[{"embeddable":true,"href":"https:\/\/informativoelvalledeaguascalientes.online\/index.php?rest_route=%2Fwp%2Fv2%2Fcomments&post=12635"}],"version-history":[{"count":1,"href":"https:\/\/informativoelvalledeaguascalientes.online\/index.php?rest_route=\/wp\/v2\/posts\/12635\/revisions"}],"predecessor-version":[{"id":12637,"href":"https:\/\/informativoelvalledeaguascalientes.online\/index.php?rest_route=\/wp\/v2\/posts\/12635\/revisions\/12637"}],"wp:featuredmedia":[{"embeddable":true,"href":"https:\/\/informativoelvalledeaguascalientes.online\/index.php?rest_route=\/wp\/v2\/media\/12636"}],"wp:attachment":[{"href":"https:\/\/informativoelvalledeaguascalientes.online\/index.php?rest_route=%2Fwp%2Fv2%2Fmedia&parent=12635"}],"wp:term":[{"taxonomy":"category","embeddable":true,"href":"https:\/\/informativoelvalledeaguascalientes.online\/index.php?rest_route=%2Fwp%2Fv2%2Fcategories&post=12635"},{"taxonomy":"post_tag","embeddable":true,"href":"https:\/\/informativoelvalledeaguascalientes.online\/index.php?rest_route=%2Fwp%2Fv2%2Ftags&post=12635"}],"curies":[{"name":"wp","href":"https:\/\/api.w.org\/{rel}","templated":true}]}}