{"id":12553,"date":"2020-10-13T21:47:55","date_gmt":"2020-10-14T03:47:55","guid":{"rendered":"https:\/\/informativoelvalledeaguascalientes.online\/?p=12553"},"modified":"2020-10-13T21:47:55","modified_gmt":"2020-10-14T03:47:55","slug":"ica-oei-unam-y-estado-de-mexico-realizan-conversatorio-internacional-sobre-formacion-artistica-virtual","status":"publish","type":"post","link":"https:\/\/informativoelvalledeaguascalientes.online\/?p=12553","title":{"rendered":"ICA, OEI, UNAM Y ESTADO DE M\u00c9XICO REALIZAN CONVERSATORIO INTERNACIONAL SOBRE FORMACI\u00d3N ART\u00cdSTICA VIRTUAL"},"content":{"rendered":"<ul style=\"font-weight: 400;\">\n<li><strong><em>La Universidad de las Artes, del ICA, en vanguardia global ante los retos educativos de la pandemia\u00a0\u00a0<\/em><\/strong><\/li>\n<li><strong><em>Especialistas internacionales dialogan sobre los retos de la educaci\u00f3n art\u00edstica virtual<\/em><\/strong><\/li>\n<\/ul>\n<p style=\"font-weight: 400;\">\n<p style=\"font-weight: 400;\">Al ser la Universidad de las Artes (UA), del Instituto Cultural de Aguascalientes (ICA), una instituci\u00f3n de vanguardia en los modelos de educaci\u00f3n virtual como respuesta ante la pandemia, la participaci\u00f3n institucional de Aguascalientes se propone como una de las aportaciones que reflejan casos de \u00e9xito en la educaci\u00f3n art\u00edstica virtual y a distancia.<\/p>\n<p style=\"font-weight: 400;\">\n<p style=\"font-weight: 400;\">En ese sentido, el ICA, en colaboraci\u00f3n con la Organizaci\u00f3n de Estados Iberoamericanos para la Educaci\u00f3n, la Ciencia y la Cultura (OEI), la Universidad Nacional Aut\u00f3noma de M\u00e9xico (UNAM), y la Secretar\u00eda de Cultura y Deporte del Estado de M\u00e9xico, llevan a cabo el coloquio\u00a0<em>Formaci\u00f3n art\u00edstica: experiencias y reflexiones ante la virtualidad necesaria<\/em>, mediante charlas no presenciales con participaci\u00f3n de autoridades acad\u00e9micas y culturales nacionales e internacionales.<\/p>\n<p style=\"font-weight: 400;\">\n<p style=\"font-weight: 400;\">El coloquio se lleva a cabo del 12 al 16 de octubre de 2020 en formato virtual, con acceso libre. Cada d\u00eda, a las 13:00 hrs, tres invitados especialistas participan en una mesa que es transmitida v\u00eda Facebook Live por la p\u00e1gina del ICA, as\u00ed como en canal de Youtube de la OEI M\u00e9xico, donde se puede consultar el programa completo.<\/p>\n<p style=\"font-weight: 400;\">\n<p style=\"font-weight: 400;\">Este esfuerzo surge a partir de la necesidad de replantear las formas de la educaci\u00f3n art\u00edstica, un campo formativo que demanda la actividad presencial, en condiciones de virtualidad y de acceso remoto a la educaci\u00f3n. Para ello, se conjuntaron especialistas de diversas partes del mundo con la finalidad de dialogar y proponer sobre esta problem\u00e1tica global.<\/p>\n<p style=\"font-weight: 400;\">\n<p style=\"font-weight: 400;\">De este modo, el pr\u00f3ximo jueves 15 de octubre, a las 13 horas, se llevar\u00e1 a cabo la mesa\u00a0<em>Estar o no estar: Presencia y adaptaci\u00f3n en tres realidades contempor\u00e1neas de la formaci\u00f3n art\u00edstica<\/em>, en la que participan, por M\u00e9xico Alejandro M\u00e1rquez, de la Universidad de las Artes; por Estados Unidos, Carlos Chirinos, de la Universidad de Nueva York; y por parte de Ecuador, Mar\u00eda Paulina Soto, de la Universidad de las Artes de aquel pa\u00eds.<\/p>\n<p style=\"font-weight: 400;\">\n<p style=\"font-weight: 400;\">El coloquio fue inaugurado en acto protocolario virtual por Claudia Santa Ana Zald\u00edvar, directora general del ICA; Mario M\u00e9ndez, del Consejo para la Acreditaci\u00f3n de la Educaci\u00f3n Superior de las Artes, Evoe Sotelo, directora de Danza de la UNAM; e Ivette Tinoco Garc\u00eda, de la Secretar\u00eda de Cultura y Deporte del Estado de M\u00e9xico.<\/p>\n","protected":false},"excerpt":{"rendered":"<p>La Universidad de las Artes, del ICA, en vanguardia global ante los retos educativos de la pandemia\u00a0\u00a0 Especialistas internacionales dialogan sobre los retos de la educaci\u00f3n art\u00edstica virtual Al ser la Universidad de las Artes (UA), del Instituto Cultural de Aguascalientes (ICA), una instituci\u00f3n de vanguardia en los modelos de educaci\u00f3n virtual como respuesta ante [&hellip;]<\/p>\n","protected":false},"author":1,"featured_media":12554,"comment_status":"closed","ping_status":"open","sticky":false,"template":"","format":"standard","meta":{"advanced_seo_description":"","jetpack_seo_html_title":"","jetpack_seo_noindex":false,"_jetpack_memberships_contains_paid_content":false,"footnotes":"","jetpack_publicize_message":"","jetpack_publicize_feature_enabled":true,"jetpack_social_post_already_shared":true,"jetpack_social_options":{"image_generator_settings":{"template":"highway","default_image_id":0,"font":"","enabled":false},"version":2}},"categories":[21,4],"tags":[22,52],"class_list":["post-12553","post","type-post","status-publish","format-standard","has-post-thumbnail","hentry","category-aguascalientes","category-gobierno-del-estado-aguascalientes","tag-aguascalientes","tag-ica"],"jetpack_publicize_connections":[],"jetpack_featured_media_url":"https:\/\/i0.wp.com\/informativoelvalledeaguascalientes.online\/wp-content\/uploads\/2020\/10\/ica_13102020.jpg?fit=870%2C490&ssl=1","jetpack-related-posts":[],"jetpack_sharing_enabled":true,"jetpack_likes_enabled":true,"_links":{"self":[{"href":"https:\/\/informativoelvalledeaguascalientes.online\/index.php?rest_route=\/wp\/v2\/posts\/12553","targetHints":{"allow":["GET"]}}],"collection":[{"href":"https:\/\/informativoelvalledeaguascalientes.online\/index.php?rest_route=\/wp\/v2\/posts"}],"about":[{"href":"https:\/\/informativoelvalledeaguascalientes.online\/index.php?rest_route=\/wp\/v2\/types\/post"}],"author":[{"embeddable":true,"href":"https:\/\/informativoelvalledeaguascalientes.online\/index.php?rest_route=\/wp\/v2\/users\/1"}],"replies":[{"embeddable":true,"href":"https:\/\/informativoelvalledeaguascalientes.online\/index.php?rest_route=%2Fwp%2Fv2%2Fcomments&post=12553"}],"version-history":[{"count":1,"href":"https:\/\/informativoelvalledeaguascalientes.online\/index.php?rest_route=\/wp\/v2\/posts\/12553\/revisions"}],"predecessor-version":[{"id":12555,"href":"https:\/\/informativoelvalledeaguascalientes.online\/index.php?rest_route=\/wp\/v2\/posts\/12553\/revisions\/12555"}],"wp:featuredmedia":[{"embeddable":true,"href":"https:\/\/informativoelvalledeaguascalientes.online\/index.php?rest_route=\/wp\/v2\/media\/12554"}],"wp:attachment":[{"href":"https:\/\/informativoelvalledeaguascalientes.online\/index.php?rest_route=%2Fwp%2Fv2%2Fmedia&parent=12553"}],"wp:term":[{"taxonomy":"category","embeddable":true,"href":"https:\/\/informativoelvalledeaguascalientes.online\/index.php?rest_route=%2Fwp%2Fv2%2Fcategories&post=12553"},{"taxonomy":"post_tag","embeddable":true,"href":"https:\/\/informativoelvalledeaguascalientes.online\/index.php?rest_route=%2Fwp%2Fv2%2Ftags&post=12553"}],"curies":[{"name":"wp","href":"https:\/\/api.w.org\/{rel}","templated":true}]}}