{"id":12547,"date":"2020-10-13T21:42:49","date_gmt":"2020-10-14T03:42:49","guid":{"rendered":"https:\/\/informativoelvalledeaguascalientes.online\/?p=12547"},"modified":"2020-10-13T21:42:49","modified_gmt":"2020-10-14T03:42:49","slug":"propone-mexico-sos-estandarizar-procesos-de-seguridad-en-estados-que-integran-la-alianza-federalista","status":"publish","type":"post","link":"https:\/\/informativoelvalledeaguascalientes.online\/?p=12547","title":{"rendered":"PROPONE \u201cM\u00c9XICO SOS\u201d ESTANDARIZAR PROCESOS DE SEGURIDAD EN ESTADOS QUE INTEGRAN LA ALIANZA FEDERALISTA"},"content":{"rendered":"<ul>\n<li style=\"font-weight: 400;\"><strong><em>Aguascalientes avanza a paso firme para lograr una mayor percepci\u00f3n de seguridad entre los ciudadanos: Manuel Cortina<\/em><\/strong><\/li>\n<li style=\"font-weight: 400;\">\u00a0<strong><em>Se busca lograr que los estados que conforman la Alianza Federalista tengan par\u00e1metros similares en la\u00a0 medici\u00f3n de resultados<\/em><\/strong><\/li>\n<\/ul>\n<p>&nbsp;<\/p>\n<p style=\"font-weight: 400;\">Como parte de los trabajos de la Alianza Federalista que se realizan en Aguascalientes, este d\u00eda el director general de \u201cM\u00e9xico SOS\u201d, Orlando Camacho Nacenta, present\u00f3 las propuestas que tiene la Red Nacional de Mesas Ciudadanas de Seguridad y Justicia para lograr una estandarizaci\u00f3n en indicadores de seguridad y bienestar.<\/p>\n<p style=\"font-weight: 400;\">En una reuni\u00f3n en la que estuvieron presentes el subsecretario de gobierno, Manuel Cortina Reynoso, el fiscal general de Estado, Jes\u00fas Figueroa Ortega, as\u00ed como l\u00edderes empresariales, Camacho Nacenta se\u00f1al\u00f3 que el objetivo es utilizar los mismos par\u00e1metros e indicadores para que las entidades que conforman la Alianza Federalista midan sus resultados.<\/p>\n<p style=\"font-weight: 400;\">Durante su participaci\u00f3n, Cortina Reynoso puntualiz\u00f3 que Aguascalientes es uno de los primeros estados en avanzar en materia de homologaci\u00f3n de indicadores y que lo anterior se ha logrado desde la puntual elaboraci\u00f3n de metodolog\u00eda y seguimiento de est\u00e1ndares que han permitido que la sociedad perciba, en lo general, que Aguascalientes es una entidad en la que se vive bien.<\/p>\n","protected":false},"excerpt":{"rendered":"<p>Aguascalientes avanza a paso firme para lograr una mayor percepci\u00f3n de seguridad entre los ciudadanos: Manuel Cortina \u00a0Se busca lograr que los estados que conforman la Alianza Federalista tengan par\u00e1metros similares en la\u00a0 medici\u00f3n de resultados &nbsp; Como parte de los trabajos de la Alianza Federalista que se realizan en Aguascalientes, este d\u00eda el director [&hellip;]<\/p>\n","protected":false},"author":1,"featured_media":12548,"comment_status":"closed","ping_status":"open","sticky":false,"template":"","format":"standard","meta":{"advanced_seo_description":"","jetpack_seo_html_title":"","jetpack_seo_noindex":false,"_jetpack_memberships_contains_paid_content":false,"footnotes":"","jetpack_publicize_message":"","jetpack_publicize_feature_enabled":true,"jetpack_social_post_already_shared":true,"jetpack_social_options":{"image_generator_settings":{"template":"highway","default_image_id":0,"font":"","enabled":false},"version":2}},"categories":[21,4],"tags":[22,313,51],"class_list":["post-12547","post","type-post","status-publish","format-standard","has-post-thumbnail","hentry","category-aguascalientes","category-gobierno-del-estado-aguascalientes","tag-aguascalientes","tag-alianza-federalista","tag-seggob"],"jetpack_publicize_connections":[],"jetpack_featured_media_url":"https:\/\/i0.wp.com\/informativoelvalledeaguascalientes.online\/wp-content\/uploads\/2020\/10\/seggob_13102020.jpg?fit=1113%2C625&ssl=1","jetpack-related-posts":[],"jetpack_sharing_enabled":true,"jetpack_likes_enabled":true,"_links":{"self":[{"href":"https:\/\/informativoelvalledeaguascalientes.online\/index.php?rest_route=\/wp\/v2\/posts\/12547","targetHints":{"allow":["GET"]}}],"collection":[{"href":"https:\/\/informativoelvalledeaguascalientes.online\/index.php?rest_route=\/wp\/v2\/posts"}],"about":[{"href":"https:\/\/informativoelvalledeaguascalientes.online\/index.php?rest_route=\/wp\/v2\/types\/post"}],"author":[{"embeddable":true,"href":"https:\/\/informativoelvalledeaguascalientes.online\/index.php?rest_route=\/wp\/v2\/users\/1"}],"replies":[{"embeddable":true,"href":"https:\/\/informativoelvalledeaguascalientes.online\/index.php?rest_route=%2Fwp%2Fv2%2Fcomments&post=12547"}],"version-history":[{"count":1,"href":"https:\/\/informativoelvalledeaguascalientes.online\/index.php?rest_route=\/wp\/v2\/posts\/12547\/revisions"}],"predecessor-version":[{"id":12549,"href":"https:\/\/informativoelvalledeaguascalientes.online\/index.php?rest_route=\/wp\/v2\/posts\/12547\/revisions\/12549"}],"wp:featuredmedia":[{"embeddable":true,"href":"https:\/\/informativoelvalledeaguascalientes.online\/index.php?rest_route=\/wp\/v2\/media\/12548"}],"wp:attachment":[{"href":"https:\/\/informativoelvalledeaguascalientes.online\/index.php?rest_route=%2Fwp%2Fv2%2Fmedia&parent=12547"}],"wp:term":[{"taxonomy":"category","embeddable":true,"href":"https:\/\/informativoelvalledeaguascalientes.online\/index.php?rest_route=%2Fwp%2Fv2%2Fcategories&post=12547"},{"taxonomy":"post_tag","embeddable":true,"href":"https:\/\/informativoelvalledeaguascalientes.online\/index.php?rest_route=%2Fwp%2Fv2%2Ftags&post=12547"}],"curies":[{"name":"wp","href":"https:\/\/api.w.org\/{rel}","templated":true}]}}