{"id":12529,"date":"2020-10-13T21:28:23","date_gmt":"2020-10-14T03:28:23","guid":{"rendered":"https:\/\/informativoelvalledeaguascalientes.online\/?p=12529"},"modified":"2020-10-13T21:28:23","modified_gmt":"2020-10-14T03:28:23","slug":"aguascalientes-retoma-el-ritmo-en-la-creacion-de-empleo-mas-de-3-mil-durante-septiembre","status":"publish","type":"post","link":"https:\/\/informativoelvalledeaguascalientes.online\/?p=12529","title":{"rendered":"AGUASCALIENTES RETOMA EL RITMO EN LA CREACI\u00d3N DE EMPLEO, M\u00c1S DE 3 MIL DURANTE SEPTIEMBRE"},"content":{"rendered":"<p dir=\"ltr\">\u25cf En agosto y septiembre se crearon 4 mil 558 nuevas fuentes laborales<\/p>\n<p dir=\"ltr\">\u25cf En la presente administraci\u00f3n se han generado 36 mil 507 empleos formales: Manuel Alejandro Gonz\u00e1lez Mart\u00ednez<\/p>\n<p dir=\"ltr\">Con una visi\u00f3n de estado que busca mantener el equilibrio entre la salud y la econom\u00eda,\u00a0 y gracias a diferentes acciones que se realizan en conjunto con la iniciativa privada, se ha logrado un repunte en la creaci\u00f3n de empleo para\u00a0 dar bienestar a las familias, con lo que en los \u00faltimos dos meses se han sumado 4 mil 558 nuevas fuentes laborales, retomando el ritmo que se ten\u00eda antes de la pandemia.<\/p>\n<p dir=\"ltr\">Luego de cinco meses con n\u00fameros negativos en este indicador, el gobernador Mart\u00edn Orozco Sandoval destac\u00f3 la creaci\u00f3n de 3 mil 155 nuevos empleos formales ante el Instituto Mexicano del Seguro Social (IMSS) durante septiembre, la cifra m\u00e1s alta para dicho mes en esta administraci\u00f3n estatal.<\/p>\n<p dir=\"ltr\">Informado por el secretario de Desarrollo Econ\u00f3mico (SEDEC), Manuel Alejandro Gonz\u00e1lez Mart\u00ednez, sobre los n\u00fameros que arroja el IMSS, el mandatario reconoci\u00f3 el esfuerzo del sector empresarial de Aguascalientes y reafirm\u00f3 su compromiso por ofrecer las condiciones necesarias para que las unidades econ\u00f3micas de todos los niveles puedan crecer y con ello continuar con esta din\u00e1mica positiva de generaci\u00f3n de puestos de trabajo que otorguen bienestar a las familias aguascalentenses.<\/p>\n<p dir=\"ltr\">El titular de la SEDEC,\u00a0 se\u00f1al\u00f3 en su informe\u00a0 que la entidad alcanza un acumulado de 326 mil 308 trabajadores asegurados al IMSS, de los cuales 36 mil 507 se han creado en la presente administraci\u00f3n estatal.<\/p>\n","protected":false},"excerpt":{"rendered":"<p>\u25cf En agosto y septiembre se crearon 4 mil 558 nuevas fuentes laborales \u25cf En la presente administraci\u00f3n se han generado 36 mil 507 empleos formales: Manuel Alejandro Gonz\u00e1lez Mart\u00ednez Con una visi\u00f3n de estado que busca mantener el equilibrio entre la salud y la econom\u00eda,\u00a0 y gracias a diferentes acciones que se realizan en [&hellip;]<\/p>\n","protected":false},"author":1,"featured_media":12530,"comment_status":"closed","ping_status":"open","sticky":false,"template":"","format":"standard","meta":{"advanced_seo_description":"","jetpack_seo_html_title":"","jetpack_seo_noindex":false,"_jetpack_memberships_contains_paid_content":false,"footnotes":"","jetpack_publicize_message":"","jetpack_publicize_feature_enabled":true,"jetpack_social_post_already_shared":true,"jetpack_social_options":{"image_generator_settings":{"template":"highway","default_image_id":0,"font":"","enabled":false},"version":2}},"categories":[21,4],"tags":[22,31,104],"class_list":["post-12529","post","type-post","status-publish","format-standard","has-post-thumbnail","hentry","category-aguascalientes","category-gobierno-del-estado-aguascalientes","tag-aguascalientes","tag-mos","tag-sedec"],"jetpack_publicize_connections":[],"jetpack_featured_media_url":"https:\/\/i0.wp.com\/informativoelvalledeaguascalientes.online\/wp-content\/uploads\/2020\/10\/mos_sedec_13102020.jpg?fit=1280%2C715&ssl=1","jetpack-related-posts":[],"jetpack_sharing_enabled":true,"jetpack_likes_enabled":true,"_links":{"self":[{"href":"https:\/\/informativoelvalledeaguascalientes.online\/index.php?rest_route=\/wp\/v2\/posts\/12529","targetHints":{"allow":["GET"]}}],"collection":[{"href":"https:\/\/informativoelvalledeaguascalientes.online\/index.php?rest_route=\/wp\/v2\/posts"}],"about":[{"href":"https:\/\/informativoelvalledeaguascalientes.online\/index.php?rest_route=\/wp\/v2\/types\/post"}],"author":[{"embeddable":true,"href":"https:\/\/informativoelvalledeaguascalientes.online\/index.php?rest_route=\/wp\/v2\/users\/1"}],"replies":[{"embeddable":true,"href":"https:\/\/informativoelvalledeaguascalientes.online\/index.php?rest_route=%2Fwp%2Fv2%2Fcomments&post=12529"}],"version-history":[{"count":1,"href":"https:\/\/informativoelvalledeaguascalientes.online\/index.php?rest_route=\/wp\/v2\/posts\/12529\/revisions"}],"predecessor-version":[{"id":12531,"href":"https:\/\/informativoelvalledeaguascalientes.online\/index.php?rest_route=\/wp\/v2\/posts\/12529\/revisions\/12531"}],"wp:featuredmedia":[{"embeddable":true,"href":"https:\/\/informativoelvalledeaguascalientes.online\/index.php?rest_route=\/wp\/v2\/media\/12530"}],"wp:attachment":[{"href":"https:\/\/informativoelvalledeaguascalientes.online\/index.php?rest_route=%2Fwp%2Fv2%2Fmedia&parent=12529"}],"wp:term":[{"taxonomy":"category","embeddable":true,"href":"https:\/\/informativoelvalledeaguascalientes.online\/index.php?rest_route=%2Fwp%2Fv2%2Fcategories&post=12529"},{"taxonomy":"post_tag","embeddable":true,"href":"https:\/\/informativoelvalledeaguascalientes.online\/index.php?rest_route=%2Fwp%2Fv2%2Ftags&post=12529"}],"curies":[{"name":"wp","href":"https:\/\/api.w.org\/{rel}","templated":true}]}}